{"id":95839,"date":"2024-07-05T11:46:55","date_gmt":"2024-07-05T09:46:55","guid":{"rendered":"https:\/\/spirit-of-football.de\/?p=95839"},"modified":"2024-09-13T12:07:19","modified_gmt":"2024-09-13T10:07:19","slug":"hamburg-meine-perle","status":"publish","type":"post","link":"https:\/\/spirit-of-football.de\/en\/2024\/07\/05\/hamburg-meine-perle\/","title":{"rendered":"Hamburg \u2013 Meine Perle"},"content":{"rendered":"<p>Nach drei Tagen Erholung trafen Andrew und ich uns am 4. Juli wieder in der Hansestadt Hamburg, beide mit einiger Versp\u00e4tung, dank der deutschen Bahn. Wir waren mit dem Future Ball zum Hamburger Sport Summit eingeladen. Thema der Konferenz war \u201eEquality in Sport\u201c. Verschiedenste Workshops und Keynotes fanden innerhalb des achtst\u00fcndigen Programms statt und zwar in der neuen Sehensw\u00fcrdigkeit, der Elbphilharmonie. Bemerkenswert fanden wir den Zukunftswunsch einer iranischen Menschenrechtsaktivistin: \u201eMein Traum ist es, einmal im Leben das Derby in Teheran im Stadion zu erleben. Daf\u00fcr k\u00e4mpfe ich\u201c.<\/p>\n<p>Nach dem interessanten ersten Tag folgte ein weiterer voller Emotionen. Auf Einladung des Hamburger Fanfests durften wir den Future Ball pr\u00e4sentieren. Wohlgemerkt, am 05. Juli, eine Stunde bevor das Spiel Deutschland gegen Spanien begann. Etwa 40-50.000 Menschen waren auf dem gro\u00dfen Heiliggeistfeld am Millerntorstadion. Vermutlich haben Tausende von Menschen den Ball und mich da gesehen. Viele haben uns danach angesprochen und wollten auch gerne auf dem Ball unterschreiben. Ein tolles Gef\u00fchl! Super war ebenfalls eine SDG\u2013Torwand mit guten Tipps zum nachhaltigen Leben. Der Future Ball musste dort nat\u00fcrlich reingekickt werden.<\/p>\n<p>Wundervoll f\u00fcr uns war das Treffen mit den Scoring Girls von Tugba Tekkal, die dort auf dem Kunstrasen ein kleines Fu\u00dfballturnier durchf\u00fchrten. Tugba meinte zu uns: \u201eEs ist wichtig, als Weltgemeinschaft auch daran zu erinnern wof\u00fcr wir stehen, was unsere Gemeinschaft bedeuten kann. Und dass wir in Zeiten von Faschismus und Rassismus zusammenhalten m\u00fcssen Es ist wichtig, dass wir Antworten entwickeln und L\u00f6sungen. Und ihr seid eine dieser L\u00f6sungen.\u201c<\/p>\n<div class=\"tiled-gallery type-rectangular tiled-gallery-unresized\" data-original-width=\"1040\" data-carousel-extra='{&quot;blog_id&quot;:12,&quot;permalink&quot;:&quot;https:\\\/\\\/spirit-of-football.de\\\/en\\\/2024\\\/07\\\/05\\\/hamburg-meine-perle\\\/&quot;,&quot;likes_blog_id&quot;:false}' itemscope itemtype=\"http:\/\/schema.org\/ImageGallery\" > <div class=\"gallery-row\" style=\"width: 1040px; height: 294px;\" data-original-width=\"1040\" data-original-height=\"294\" > <div class=\"gallery-group images-1\" style=\"width: 520px; height: 294px;\" data-original-width=\"520\" data-original-height=\"294\" > <div class=\"tiled-gallery-item tiled-gallery-item-large\" itemprop=\"associatedMedia\" itemscope itemtype=\"http:\/\/schema.org\/ImageObject\"> <a href=\"https:\/\/spirit-of-football.de\/en\/2024\/07\/05\/hamburg-meine-perle\/20240705_155859\/\" border=\"0\" itemprop=\"url\"> <meta itemprop=\"width\" content=\"516\"> <meta itemprop=\"height\" content=\"290\"> <img decoding=\"async\" class=\"\" data-attachment-id=\"95842\" data-orig-file=\"https:\/\/spirit-of-football.de\/wp-content\/uploads\/sites\/12\/2024\/07\/20240705_155859.jpg\" data-orig-size=\"2419,1361\" data-comments-opened=\"1\" data-image-meta=\"{&quot;aperture&quot;:&quot;1.8&quot;,&quot;credit&quot;:&quot;&quot;,&quot;camera&quot;:&quot;SM-G996B&quot;,&quot;caption&quot;:&quot;&quot;,&quot;created_timestamp&quot;:&quot;1720195139&quot;,&quot;copyright&quot;:&quot;&quot;,&quot;focal_length&quot;:&quot;5.4&quot;,&quot;iso&quot;:&quot;50&quot;,&quot;shutter_speed&quot;:&quot;0.0003315649867374&quot;,&quot;title&quot;:&quot;&quot;,&quot;orientation&quot;:&quot;1&quot;}\" data-image-title=\"20240705_155859\" data-image-description=\"\" data-medium-file=\"https:\/\/spirit-of-football.de\/wp-content\/uploads\/sites\/12\/2024\/07\/20240705_155859-300x169.jpg\" data-large-file=\"https:\/\/spirit-of-football.de\/wp-content\/uploads\/sites\/12\/2024\/07\/20240705_155859-1024x576.jpg\" src=\"https:\/\/spirit-of-football.de\/wp-content\/uploads\/sites\/12\/2024\/07\/20240705_155859.jpg\" srcset=\"https:\/\/spirit-of-football.de\/wp-content\/uploads\/sites\/12\/2024\/07\/20240705_155859.jpg 2419w, https:\/\/spirit-of-football.de\/wp-content\/uploads\/sites\/12\/2024\/07\/20240705_155859-18x10.jpg 18w, https:\/\/spirit-of-football.de\/wp-content\/uploads\/sites\/12\/2024\/07\/20240705_155859-1280x720.jpg 1280w, https:\/\/spirit-of-football.de\/wp-content\/uploads\/sites\/12\/2024\/07\/20240705_155859-553x311.jpg 553w, https:\/\/spirit-of-football.de\/wp-content\/uploads\/sites\/12\/2024\/07\/20240705_155859-640x360.jpg 640w, https:\/\/spirit-of-football.de\/wp-content\/uploads\/sites\/12\/2024\/07\/20240705_155859-618x348.jpg 618w, https:\/\/spirit-of-football.de\/wp-content\/uploads\/sites\/12\/2024\/07\/20240705_155859-240x135.jpg 240w, https:\/\/spirit-of-football.de\/wp-content\/uploads\/sites\/12\/2024\/07\/20240705_155859-980x551.jpg 980w, https:\/\/spirit-of-football.de\/wp-content\/uploads\/sites\/12\/2024\/07\/20240705_155859-300x169.jpg 300w, https:\/\/spirit-of-football.de\/wp-content\/uploads\/sites\/12\/2024\/07\/20240705_155859-768x432.jpg 768w, https:\/\/spirit-of-football.de\/wp-content\/uploads\/sites\/12\/2024\/07\/20240705_155859-1024x576.jpg 1024w, https:\/\/spirit-of-football.de\/wp-content\/uploads\/sites\/12\/2024\/07\/20240705_155859-1536x864.jpg 1536w, https:\/\/spirit-of-football.de\/wp-content\/uploads\/sites\/12\/2024\/07\/20240705_155859-2048x1152.jpg 2048w, https:\/\/spirit-of-football.de\/wp-content\/uploads\/sites\/12\/2024\/07\/20240705_155859-500x281.jpg 500w\" width=\"516\" height=\"290\" loading=\"lazy\" data-original-width=\"516\" data-original-height=\"290\" itemprop=\"http:\/\/schema.org\/image\" title=\"20240705_155859\" alt=\"20240705_155859\" style=\"width: 516px; height: 290px;\" \/> <\/a> <\/div> <\/div> <!-- close group --> <div class=\"gallery-group images-1\" style=\"width: 520px; height: 294px;\" data-original-width=\"520\" data-original-height=\"294\" > <div class=\"tiled-gallery-item tiled-gallery-item-large\" itemprop=\"associatedMedia\" itemscope itemtype=\"http:\/\/schema.org\/ImageObject\"> <a href=\"https:\/\/spirit-of-football.de\/en\/2024\/07\/05\/hamburg-meine-perle\/20240705_170814\/\" border=\"0\" itemprop=\"url\"> <meta itemprop=\"width\" content=\"516\"> <meta itemprop=\"height\" content=\"290\"> <img decoding=\"async\" class=\"\" data-attachment-id=\"95843\" data-orig-file=\"https:\/\/spirit-of-football.de\/wp-content\/uploads\/sites\/12\/2024\/07\/20240705_170814.jpg\" data-orig-size=\"2419,1361\" data-comments-opened=\"1\" data-image-meta=\"{&quot;aperture&quot;:&quot;1.8&quot;,&quot;credit&quot;:&quot;&quot;,&quot;camera&quot;:&quot;SM-G996B&quot;,&quot;caption&quot;:&quot;&quot;,&quot;created_timestamp&quot;:&quot;1720199294&quot;,&quot;copyright&quot;:&quot;&quot;,&quot;focal_length&quot;:&quot;5.4&quot;,&quot;iso&quot;:&quot;50&quot;,&quot;shutter_speed&quot;:&quot;0.00041305245766212&quot;,&quot;title&quot;:&quot;&quot;,&quot;orientation&quot;:&quot;1&quot;}\" data-image-title=\"20240705_170814\" data-image-description=\"\" data-medium-file=\"https:\/\/spirit-of-football.de\/wp-content\/uploads\/sites\/12\/2024\/07\/20240705_170814-300x169.jpg\" data-large-file=\"https:\/\/spirit-of-football.de\/wp-content\/uploads\/sites\/12\/2024\/07\/20240705_170814-1024x576.jpg\" src=\"https:\/\/spirit-of-football.de\/wp-content\/uploads\/sites\/12\/2024\/07\/20240705_170814.jpg\" srcset=\"https:\/\/spirit-of-football.de\/wp-content\/uploads\/sites\/12\/2024\/07\/20240705_170814.jpg 2419w, https:\/\/spirit-of-football.de\/wp-content\/uploads\/sites\/12\/2024\/07\/20240705_170814-18x10.jpg 18w, https:\/\/spirit-of-football.de\/wp-content\/uploads\/sites\/12\/2024\/07\/20240705_170814-1280x720.jpg 1280w, https:\/\/spirit-of-football.de\/wp-content\/uploads\/sites\/12\/2024\/07\/20240705_170814-553x311.jpg 553w, https:\/\/spirit-of-football.de\/wp-content\/uploads\/sites\/12\/2024\/07\/20240705_170814-640x360.jpg 640w, https:\/\/spirit-of-football.de\/wp-content\/uploads\/sites\/12\/2024\/07\/20240705_170814-618x348.jpg 618w, https:\/\/spirit-of-football.de\/wp-content\/uploads\/sites\/12\/2024\/07\/20240705_170814-240x135.jpg 240w, https:\/\/spirit-of-football.de\/wp-content\/uploads\/sites\/12\/2024\/07\/20240705_170814-980x551.jpg 980w, https:\/\/spirit-of-football.de\/wp-content\/uploads\/sites\/12\/2024\/07\/20240705_170814-300x169.jpg 300w, https:\/\/spirit-of-football.de\/wp-content\/uploads\/sites\/12\/2024\/07\/20240705_170814-768x432.jpg 768w, https:\/\/spirit-of-football.de\/wp-content\/uploads\/sites\/12\/2024\/07\/20240705_170814-1024x576.jpg 1024w, https:\/\/spirit-of-football.de\/wp-content\/uploads\/sites\/12\/2024\/07\/20240705_170814-1536x864.jpg 1536w, https:\/\/spirit-of-football.de\/wp-content\/uploads\/sites\/12\/2024\/07\/20240705_170814-2048x1152.jpg 2048w, https:\/\/spirit-of-football.de\/wp-content\/uploads\/sites\/12\/2024\/07\/20240705_170814-500x281.jpg 500w\" width=\"516\" height=\"290\" loading=\"lazy\" data-original-width=\"516\" data-original-height=\"290\" itemprop=\"http:\/\/schema.org\/image\" title=\"20240705_170814\" alt=\"20240705_170814\" style=\"width: 516px; height: 290px;\" \/> <\/a> <\/div> <\/div> <!-- close group --> <\/div> <!-- close row --> <div class=\"gallery-row\" style=\"width: 1040px; height: 294px;\" data-original-width=\"1040\" data-original-height=\"294\" > <div class=\"gallery-group images-1\" style=\"width: 520px; height: 294px;\" data-original-width=\"520\" data-original-height=\"294\" > <div class=\"tiled-gallery-item tiled-gallery-item-large\" itemprop=\"associatedMedia\" itemscope itemtype=\"http:\/\/schema.org\/ImageObject\"> <a href=\"https:\/\/spirit-of-football.de\/en\/2024\/07\/05\/hamburg-meine-perle\/20240705_173147\/\" border=\"0\" itemprop=\"url\"> <meta itemprop=\"width\" content=\"516\"> <meta itemprop=\"height\" content=\"290\"> <img decoding=\"async\" class=\"\" data-attachment-id=\"95844\" data-orig-file=\"https:\/\/spirit-of-football.de\/wp-content\/uploads\/sites\/12\/2024\/07\/20240705_173147.jpg\" data-orig-size=\"2419,1361\" data-comments-opened=\"1\" data-image-meta=\"{&quot;aperture&quot;:&quot;1.8&quot;,&quot;credit&quot;:&quot;&quot;,&quot;camera&quot;:&quot;SM-G996B&quot;,&quot;caption&quot;:&quot;&quot;,&quot;created_timestamp&quot;:&quot;1720200707&quot;,&quot;copyright&quot;:&quot;&quot;,&quot;focal_length&quot;:&quot;5.4&quot;,&quot;iso&quot;:&quot;50&quot;,&quot;shutter_speed&quot;:&quot;0.00015299877600979&quot;,&quot;title&quot;:&quot;&quot;,&quot;orientation&quot;:&quot;1&quot;}\" data-image-title=\"20240705_173147\" data-image-description=\"\" data-medium-file=\"https:\/\/spirit-of-football.de\/wp-content\/uploads\/sites\/12\/2024\/07\/20240705_173147-300x169.jpg\" data-large-file=\"https:\/\/spirit-of-football.de\/wp-content\/uploads\/sites\/12\/2024\/07\/20240705_173147-1024x576.jpg\" src=\"https:\/\/spirit-of-football.de\/wp-content\/uploads\/sites\/12\/2024\/07\/20240705_173147.jpg\" srcset=\"https:\/\/spirit-of-football.de\/wp-content\/uploads\/sites\/12\/2024\/07\/20240705_173147.jpg 2419w, https:\/\/spirit-of-football.de\/wp-content\/uploads\/sites\/12\/2024\/07\/20240705_173147-18x10.jpg 18w, https:\/\/spirit-of-football.de\/wp-content\/uploads\/sites\/12\/2024\/07\/20240705_173147-1280x720.jpg 1280w, https:\/\/spirit-of-football.de\/wp-content\/uploads\/sites\/12\/2024\/07\/20240705_173147-553x311.jpg 553w, https:\/\/spirit-of-football.de\/wp-content\/uploads\/sites\/12\/2024\/07\/20240705_173147-640x360.jpg 640w, https:\/\/spirit-of-football.de\/wp-content\/uploads\/sites\/12\/2024\/07\/20240705_173147-618x348.jpg 618w, https:\/\/spirit-of-football.de\/wp-content\/uploads\/sites\/12\/2024\/07\/20240705_173147-240x135.jpg 240w, https:\/\/spirit-of-football.de\/wp-content\/uploads\/sites\/12\/2024\/07\/20240705_173147-980x551.jpg 980w, https:\/\/spirit-of-football.de\/wp-content\/uploads\/sites\/12\/2024\/07\/20240705_173147-300x169.jpg 300w, https:\/\/spirit-of-football.de\/wp-content\/uploads\/sites\/12\/2024\/07\/20240705_173147-768x432.jpg 768w, https:\/\/spirit-of-football.de\/wp-content\/uploads\/sites\/12\/2024\/07\/20240705_173147-1024x576.jpg 1024w, https:\/\/spirit-of-football.de\/wp-content\/uploads\/sites\/12\/2024\/07\/20240705_173147-1536x864.jpg 1536w, https:\/\/spirit-of-football.de\/wp-content\/uploads\/sites\/12\/2024\/07\/20240705_173147-2048x1152.jpg 2048w, https:\/\/spirit-of-football.de\/wp-content\/uploads\/sites\/12\/2024\/07\/20240705_173147-500x281.jpg 500w\" width=\"516\" height=\"290\" loading=\"lazy\" data-original-width=\"516\" data-original-height=\"290\" itemprop=\"http:\/\/schema.org\/image\" title=\"20240705_173147\" alt=\"20240705_173147\" style=\"width: 516px; height: 290px;\" \/> <\/a> <\/div> <\/div> <!-- close group --> <div class=\"gallery-group images-1\" style=\"width: 520px; height: 294px;\" data-original-width=\"520\" data-original-height=\"294\" > <div class=\"tiled-gallery-item tiled-gallery-item-large\" itemprop=\"associatedMedia\" itemscope itemtype=\"http:\/\/schema.org\/ImageObject\"> <a href=\"https:\/\/spirit-of-football.de\/en\/2024\/07\/05\/hamburg-meine-perle\/attachment\/1722418000605\/\" border=\"0\" itemprop=\"url\"> <meta itemprop=\"width\" content=\"516\"> <meta itemprop=\"height\" content=\"290\"> <img decoding=\"async\" class=\"\" data-attachment-id=\"95845\" data-orig-file=\"https:\/\/spirit-of-football.de\/wp-content\/uploads\/sites\/12\/2024\/07\/1722418000605.jpg\" data-orig-size=\"1229,692\" data-comments-opened=\"1\" data-image-meta=\"{&quot;aperture&quot;:&quot;0&quot;,&quot;credit&quot;:&quot;&quot;,&quot;camera&quot;:&quot;&quot;,&quot;caption&quot;:&quot;&quot;,&quot;created_timestamp&quot;:&quot;0&quot;,&quot;copyright&quot;:&quot;&quot;,&quot;focal_length&quot;:&quot;0&quot;,&quot;iso&quot;:&quot;0&quot;,&quot;shutter_speed&quot;:&quot;0&quot;,&quot;title&quot;:&quot;&quot;,&quot;orientation&quot;:&quot;0&quot;}\" data-image-title=\"1722418000605\" data-image-description=\"\" data-medium-file=\"https:\/\/spirit-of-football.de\/wp-content\/uploads\/sites\/12\/2024\/07\/1722418000605-300x169.jpg\" data-large-file=\"https:\/\/spirit-of-football.de\/wp-content\/uploads\/sites\/12\/2024\/07\/1722418000605-1024x577.jpg\" src=\"https:\/\/spirit-of-football.de\/wp-content\/uploads\/sites\/12\/2024\/07\/1722418000605.jpg\" srcset=\"https:\/\/spirit-of-football.de\/wp-content\/uploads\/sites\/12\/2024\/07\/1722418000605.jpg 1229w, https:\/\/spirit-of-football.de\/wp-content\/uploads\/sites\/12\/2024\/07\/1722418000605-18x10.jpg 18w, https:\/\/spirit-of-football.de\/wp-content\/uploads\/sites\/12\/2024\/07\/1722418000605-553x311.jpg 553w, https:\/\/spirit-of-football.de\/wp-content\/uploads\/sites\/12\/2024\/07\/1722418000605-640x360.jpg 640w, https:\/\/spirit-of-football.de\/wp-content\/uploads\/sites\/12\/2024\/07\/1722418000605-618x348.jpg 618w, https:\/\/spirit-of-football.de\/wp-content\/uploads\/sites\/12\/2024\/07\/1722418000605-240x135.jpg 240w, https:\/\/spirit-of-football.de\/wp-content\/uploads\/sites\/12\/2024\/07\/1722418000605-980x552.jpg 980w, https:\/\/spirit-of-football.de\/wp-content\/uploads\/sites\/12\/2024\/07\/1722418000605-300x169.jpg 300w, https:\/\/spirit-of-football.de\/wp-content\/uploads\/sites\/12\/2024\/07\/1722418000605-768x432.jpg 768w, https:\/\/spirit-of-football.de\/wp-content\/uploads\/sites\/12\/2024\/07\/1722418000605-1024x577.jpg 1024w, https:\/\/spirit-of-football.de\/wp-content\/uploads\/sites\/12\/2024\/07\/1722418000605-500x282.jpg 500w\" width=\"516\" height=\"290\" loading=\"lazy\" data-original-width=\"516\" data-original-height=\"290\" itemprop=\"http:\/\/schema.org\/image\" title=\"1722418000605\" alt=\"1722418000605\" style=\"width: 516px; height: 290px;\" \/> <\/a> <\/div> <\/div> <!-- close group --> <\/div> <!-- close row --> <\/div>\n<p>&nbsp;<\/p>\n<p>Andrew und ich hatten nur ein Problem. Wir hatten Karten f\u00fcr das Spiel Frankreich gegen Portugal, welches um 21.00 Uhr im Hamburger Volkparkstadion angepfiffen wurde. Wir \u00fcberlegten, wie wir das Spiel schauen und gleichzeitig die Stimmung bei dem riesigen Public Viewing erhaschen k\u00f6nnten. Die Entscheidung war, mit dem Fahrrad nach der ersten Halbzeit vom Stadion des FC St. Pauli (dort war das FanFest) zum Stadion des HSV zu radeln. Eine ereignisarme erste Halbzeit ging zu Ende und wir fuhren los. Auf dem Bike unterwegs \u00fcberholte uns noch der Mannschaftsbus Portugals und wir waren uns ganz sicher den legend\u00e4ren CR7 am Fenster gesehen zu haben. Leider erfuhren wir radelnd von der F\u00fchrung Spaniens. Einige Minuten sp\u00e4ter \u2013 immer noch 25 Min Fahrtzeit vom Stadion entfernt- haben wir bei einem Sp\u00e4ti angehalten um dort die letzten 30 Minuten des Spiels auf der Stra\u00dfe zu schauen. Das war gro\u00dfartig: eine spannende Mischung von Menschen vor dem kleinen Fernseher, mit stolzen spanischen Fans in der ersten Reihe. Als dann Wirtz in der 90 Min. noch den Ausgleich schoss, rasteten wir Deutschland-Fans doch nochmal aus. Andrew und ich entschieden uns noch ein paar Meter weiter zu fahren, um dann in einer Kneipe die Verl\u00e4ngerung und das m\u00f6gliche Elfmeterschie\u00dfen zu schauen. Leider hatte der Fu\u00dfballgott andere Pl\u00e4ne und lie\u00df Moreno in der 119. Minute das goldene Tor zu k\u00f6pfen. Deutschland, als Gastgeber der Spiele, scheidet im Viertelfinale aus.<\/p>\n<p>Andrew und ich radelten weiter zum Stadion, \u00fcberfordert mit den ganzen auf uns einst\u00fcrzenden Gef\u00fchlen. Zwar verpassten wir die ersten Minuten im Volkspark, das Spiel Frankreich gegen Portugal hielt aber sowieso nicht ganz den gro\u00dfen Erwartungen an ein Viertelfinale stand: 0:0 nach 120. Minuten. Viele Fans hielten permanent ihre Handykameras auf wahlweise CR7 oder Kylian Mbappe, das eigentlich Spiel war f\u00fcr ein paar Fans zweitrangig. Der 24. J\u00e4hrige Joao Felix verschoss und Frankreich durfte Jubeln. Was f\u00fcr ein Tag!<\/p>\n<p>&nbsp;<\/p>\n<div class=\"tiled-gallery type-rectangular tiled-gallery-unresized\" data-original-width=\"1040\" data-carousel-extra='{&quot;blog_id&quot;:12,&quot;permalink&quot;:&quot;https:\\\/\\\/spirit-of-football.de\\\/en\\\/2024\\\/07\\\/05\\\/hamburg-meine-perle\\\/&quot;,&quot;likes_blog_id&quot;:false}' itemscope itemtype=\"http:\/\/schema.org\/ImageGallery\" > <div class=\"gallery-row\" style=\"width: 1040px; height: 187px;\" data-original-width=\"1040\" data-original-height=\"187\" > <div class=\"gallery-group images-1\" style=\"width: 329px; height: 187px;\" data-original-width=\"329\" data-original-height=\"187\" > <div class=\"tiled-gallery-item tiled-gallery-item-large\" itemprop=\"associatedMedia\" itemscope itemtype=\"http:\/\/schema.org\/ImageObject\"> <a href=\"https:\/\/spirit-of-football.de\/en\/2024\/07\/05\/hamburg-meine-perle\/20240705_174150\/\" border=\"0\" itemprop=\"url\"> <meta itemprop=\"width\" content=\"325\"> <meta itemprop=\"height\" content=\"183\"> <img decoding=\"async\" class=\"\" data-attachment-id=\"95846\" data-orig-file=\"https:\/\/spirit-of-football.de\/wp-content\/uploads\/sites\/12\/2024\/07\/20240705_174150.jpg\" data-orig-size=\"1930,1085\" data-comments-opened=\"1\" data-image-meta=\"{&quot;aperture&quot;:&quot;2.2&quot;,&quot;credit&quot;:&quot;&quot;,&quot;camera&quot;:&quot;SM-G996B&quot;,&quot;caption&quot;:&quot;&quot;,&quot;created_timestamp&quot;:&quot;1720201311&quot;,&quot;copyright&quot;:&quot;&quot;,&quot;focal_length&quot;:&quot;3.3&quot;,&quot;iso&quot;:&quot;50&quot;,&quot;shutter_speed&quot;:&quot;0.00030413625304136&quot;,&quot;title&quot;:&quot;&quot;,&quot;orientation&quot;:&quot;1&quot;}\" data-image-title=\"20240705_174150\" data-image-description=\"\" data-medium-file=\"https:\/\/spirit-of-football.de\/wp-content\/uploads\/sites\/12\/2024\/07\/20240705_174150-300x169.jpg\" data-large-file=\"https:\/\/spirit-of-football.de\/wp-content\/uploads\/sites\/12\/2024\/07\/20240705_174150-1024x576.jpg\" src=\"https:\/\/spirit-of-football.de\/wp-content\/uploads\/sites\/12\/2024\/07\/20240705_174150.jpg\" srcset=\"https:\/\/spirit-of-football.de\/wp-content\/uploads\/sites\/12\/2024\/07\/20240705_174150.jpg 1930w, https:\/\/spirit-of-football.de\/wp-content\/uploads\/sites\/12\/2024\/07\/20240705_174150-18x10.jpg 18w, https:\/\/spirit-of-football.de\/wp-content\/uploads\/sites\/12\/2024\/07\/20240705_174150-1280x720.jpg 1280w, https:\/\/spirit-of-football.de\/wp-content\/uploads\/sites\/12\/2024\/07\/20240705_174150-553x311.jpg 553w, https:\/\/spirit-of-football.de\/wp-content\/uploads\/sites\/12\/2024\/07\/20240705_174150-640x360.jpg 640w, https:\/\/spirit-of-football.de\/wp-content\/uploads\/sites\/12\/2024\/07\/20240705_174150-618x347.jpg 618w, https:\/\/spirit-of-football.de\/wp-content\/uploads\/sites\/12\/2024\/07\/20240705_174150-240x135.jpg 240w, https:\/\/spirit-of-football.de\/wp-content\/uploads\/sites\/12\/2024\/07\/20240705_174150-980x551.jpg 980w, https:\/\/spirit-of-football.de\/wp-content\/uploads\/sites\/12\/2024\/07\/20240705_174150-300x169.jpg 300w, https:\/\/spirit-of-football.de\/wp-content\/uploads\/sites\/12\/2024\/07\/20240705_174150-768x432.jpg 768w, https:\/\/spirit-of-football.de\/wp-content\/uploads\/sites\/12\/2024\/07\/20240705_174150-1024x576.jpg 1024w, https:\/\/spirit-of-football.de\/wp-content\/uploads\/sites\/12\/2024\/07\/20240705_174150-1536x864.jpg 1536w, https:\/\/spirit-of-football.de\/wp-content\/uploads\/sites\/12\/2024\/07\/20240705_174150-500x281.jpg 500w\" width=\"325\" height=\"183\" loading=\"lazy\" data-original-width=\"325\" data-original-height=\"183\" itemprop=\"http:\/\/schema.org\/image\" title=\"20240705_174150\" alt=\"20240705_174150\" style=\"width: 325px; height: 183px;\" \/> <\/a> <\/div> <\/div> <!-- close group --> <div class=\"gallery-group images-1\" style=\"width: 329px; height: 187px;\" data-original-width=\"329\" data-original-height=\"187\" > <div class=\"tiled-gallery-item tiled-gallery-item-large\" itemprop=\"associatedMedia\" itemscope itemtype=\"http:\/\/schema.org\/ImageObject\"> <a href=\"https:\/\/spirit-of-football.de\/en\/2024\/07\/05\/hamburg-meine-perle\/20240705_194804\/\" border=\"0\" itemprop=\"url\"> <meta itemprop=\"width\" content=\"325\"> <meta itemprop=\"height\" content=\"183\"> <img decoding=\"async\" class=\"\" data-attachment-id=\"95847\" data-orig-file=\"https:\/\/spirit-of-football.de\/wp-content\/uploads\/sites\/12\/2024\/07\/20240705_194804.jpg\" data-orig-size=\"2419,1361\" data-comments-opened=\"1\" data-image-meta=\"{&quot;aperture&quot;:&quot;1.8&quot;,&quot;credit&quot;:&quot;&quot;,&quot;camera&quot;:&quot;SM-G996B&quot;,&quot;caption&quot;:&quot;&quot;,&quot;created_timestamp&quot;:&quot;1720208885&quot;,&quot;copyright&quot;:&quot;&quot;,&quot;focal_length&quot;:&quot;5.4&quot;,&quot;iso&quot;:&quot;50&quot;,&quot;shutter_speed&quot;:&quot;0.0091743119266055&quot;,&quot;title&quot;:&quot;&quot;,&quot;orientation&quot;:&quot;1&quot;}\" data-image-title=\"20240705_194804\" data-image-description=\"\" data-medium-file=\"https:\/\/spirit-of-football.de\/wp-content\/uploads\/sites\/12\/2024\/07\/20240705_194804-300x169.jpg\" data-large-file=\"https:\/\/spirit-of-football.de\/wp-content\/uploads\/sites\/12\/2024\/07\/20240705_194804-1024x576.jpg\" src=\"https:\/\/spirit-of-football.de\/wp-content\/uploads\/sites\/12\/2024\/07\/20240705_194804.jpg\" srcset=\"https:\/\/spirit-of-football.de\/wp-content\/uploads\/sites\/12\/2024\/07\/20240705_194804.jpg 2419w, https:\/\/spirit-of-football.de\/wp-content\/uploads\/sites\/12\/2024\/07\/20240705_194804-18x10.jpg 18w, https:\/\/spirit-of-football.de\/wp-content\/uploads\/sites\/12\/2024\/07\/20240705_194804-1280x720.jpg 1280w, https:\/\/spirit-of-football.de\/wp-content\/uploads\/sites\/12\/2024\/07\/20240705_194804-553x311.jpg 553w, https:\/\/spirit-of-football.de\/wp-content\/uploads\/sites\/12\/2024\/07\/20240705_194804-640x360.jpg 640w, https:\/\/spirit-of-football.de\/wp-content\/uploads\/sites\/12\/2024\/07\/20240705_194804-618x348.jpg 618w, https:\/\/spirit-of-football.de\/wp-content\/uploads\/sites\/12\/2024\/07\/20240705_194804-240x135.jpg 240w, https:\/\/spirit-of-football.de\/wp-content\/uploads\/sites\/12\/2024\/07\/20240705_194804-980x551.jpg 980w, https:\/\/spirit-of-football.de\/wp-content\/uploads\/sites\/12\/2024\/07\/20240705_194804-300x169.jpg 300w, https:\/\/spirit-of-football.de\/wp-content\/uploads\/sites\/12\/2024\/07\/20240705_194804-768x432.jpg 768w, https:\/\/spirit-of-football.de\/wp-content\/uploads\/sites\/12\/2024\/07\/20240705_194804-1024x576.jpg 1024w, https:\/\/spirit-of-football.de\/wp-content\/uploads\/sites\/12\/2024\/07\/20240705_194804-1536x864.jpg 1536w, https:\/\/spirit-of-football.de\/wp-content\/uploads\/sites\/12\/2024\/07\/20240705_194804-2048x1152.jpg 2048w, https:\/\/spirit-of-football.de\/wp-content\/uploads\/sites\/12\/2024\/07\/20240705_194804-500x281.jpg 500w\" width=\"325\" height=\"183\" loading=\"lazy\" data-original-width=\"325\" data-original-height=\"183\" itemprop=\"http:\/\/schema.org\/image\" title=\"20240705_194804\" alt=\"20240705_194804\" style=\"width: 325px; height: 183px;\" \/> <\/a> <\/div> <\/div> <!-- close group --> <div class=\"gallery-group images-1\" style=\"width: 382px; height: 187px;\" data-original-width=\"382\" data-original-height=\"187\" > <div class=\"tiled-gallery-item tiled-gallery-item-large\" itemprop=\"associatedMedia\" itemscope itemtype=\"http:\/\/schema.org\/ImageObject\"> <a href=\"https:\/\/spirit-of-football.de\/en\/2024\/07\/05\/hamburg-meine-perle\/screenshot-2024-07-31-114507\/\" border=\"0\" itemprop=\"url\"> <meta itemprop=\"width\" content=\"378\"> <meta itemprop=\"height\" content=\"183\"> <img decoding=\"async\" class=\"\" data-attachment-id=\"95848\" data-orig-file=\"https:\/\/spirit-of-football.de\/wp-content\/uploads\/sites\/12\/2024\/07\/Screenshot-2024-07-31-114507.jpg\" data-orig-size=\"1473,713\" data-comments-opened=\"1\" data-image-meta=\"{&quot;aperture&quot;:&quot;0&quot;,&quot;credit&quot;:&quot;&quot;,&quot;camera&quot;:&quot;&quot;,&quot;caption&quot;:&quot;&quot;,&quot;created_timestamp&quot;:&quot;0&quot;,&quot;copyright&quot;:&quot;&quot;,&quot;focal_length&quot;:&quot;0&quot;,&quot;iso&quot;:&quot;0&quot;,&quot;shutter_speed&quot;:&quot;0&quot;,&quot;title&quot;:&quot;&quot;,&quot;orientation&quot;:&quot;0&quot;}\" data-image-title=\"Screenshot 2024-07-31 114507\" data-image-description=\"\" data-medium-file=\"https:\/\/spirit-of-football.de\/wp-content\/uploads\/sites\/12\/2024\/07\/Screenshot-2024-07-31-114507-300x145.jpg\" data-large-file=\"https:\/\/spirit-of-football.de\/wp-content\/uploads\/sites\/12\/2024\/07\/Screenshot-2024-07-31-114507-1024x496.jpg\" src=\"https:\/\/spirit-of-football.de\/wp-content\/uploads\/sites\/12\/2024\/07\/Screenshot-2024-07-31-114507.jpg\" srcset=\"https:\/\/spirit-of-football.de\/wp-content\/uploads\/sites\/12\/2024\/07\/Screenshot-2024-07-31-114507.jpg 1473w, https:\/\/spirit-of-football.de\/wp-content\/uploads\/sites\/12\/2024\/07\/Screenshot-2024-07-31-114507-18x9.jpg 18w, https:\/\/spirit-of-football.de\/wp-content\/uploads\/sites\/12\/2024\/07\/Screenshot-2024-07-31-114507-1280x620.jpg 1280w, https:\/\/spirit-of-football.de\/wp-content\/uploads\/sites\/12\/2024\/07\/Screenshot-2024-07-31-114507-553x268.jpg 553w, https:\/\/spirit-of-football.de\/wp-content\/uploads\/sites\/12\/2024\/07\/Screenshot-2024-07-31-114507-640x310.jpg 640w, https:\/\/spirit-of-football.de\/wp-content\/uploads\/sites\/12\/2024\/07\/Screenshot-2024-07-31-114507-618x299.jpg 618w, https:\/\/spirit-of-football.de\/wp-content\/uploads\/sites\/12\/2024\/07\/Screenshot-2024-07-31-114507-240x116.jpg 240w, https:\/\/spirit-of-football.de\/wp-content\/uploads\/sites\/12\/2024\/07\/Screenshot-2024-07-31-114507-980x474.jpg 980w, https:\/\/spirit-of-football.de\/wp-content\/uploads\/sites\/12\/2024\/07\/Screenshot-2024-07-31-114507-300x145.jpg 300w, https:\/\/spirit-of-football.de\/wp-content\/uploads\/sites\/12\/2024\/07\/Screenshot-2024-07-31-114507-768x372.jpg 768w, https:\/\/spirit-of-football.de\/wp-content\/uploads\/sites\/12\/2024\/07\/Screenshot-2024-07-31-114507-1024x496.jpg 1024w, https:\/\/spirit-of-football.de\/wp-content\/uploads\/sites\/12\/2024\/07\/Screenshot-2024-07-31-114507-500x242.jpg 500w\" width=\"378\" height=\"183\" loading=\"lazy\" data-original-width=\"378\" data-original-height=\"183\" itemprop=\"http:\/\/schema.org\/image\" title=\"Screenshot 2024-07-31 114507\" alt=\"Screenshot 2024-07-31 114507\" style=\"width: 378px; height: 183px;\" \/> <\/a> <\/div> <\/div> <!-- close group --> <\/div> <!-- close row --> <\/div>\n<h3>&#8222;Future Ball &#8211; Fu\u00dfball und Bildung F\u00fcr Nachhaltigkeit&#8220; Wird gef\u00f6rdert von:<\/h3>\n<p><img loading=\"lazy\" decoding=\"async\" data-attachment-id=\"90643\" data-permalink=\"https:\/\/spirit-of-football.de\/en\/2024\/03\/19\/gruen-weisses-klassenzimmer-x-spirit-of-football-eine-besondere-verbindung\/screenshot-2024-03-19-171257\/\" data-orig-file=\"https:\/\/spirit-of-football.de\/wp-content\/uploads\/sites\/12\/2024\/03\/Screenshot-2024-03-19-171257.png\" data-orig-size=\"986,284\" data-comments-opened=\"1\" data-image-meta=\"{&quot;aperture&quot;:&quot;0&quot;,&quot;credit&quot;:&quot;&quot;,&quot;camera&quot;:&quot;&quot;,&quot;caption&quot;:&quot;&quot;,&quot;created_timestamp&quot;:&quot;0&quot;,&quot;copyright&quot;:&quot;&quot;,&quot;focal_length&quot;:&quot;0&quot;,&quot;iso&quot;:&quot;0&quot;,&quot;shutter_speed&quot;:&quot;0&quot;,&quot;title&quot;:&quot;&quot;,&quot;orientation&quot;:&quot;0&quot;}\" data-image-title=\"Screenshot 2024-03-19 171257\" data-image-description=\"\" data-image-caption=\"\" data-large-file=\"https:\/\/spirit-of-football.de\/wp-content\/uploads\/sites\/12\/2024\/03\/Screenshot-2024-03-19-171257.png\" class=\"alignnone wp-image-90643\" src=\"https:\/\/spirit-of-football.de\/wp-content\/uploads\/sites\/12\/2024\/03\/Screenshot-2024-03-19-171257.png\" alt=\"\" width=\"361\" height=\"104\" srcset=\"https:\/\/spirit-of-football.de\/wp-content\/uploads\/sites\/12\/2024\/03\/Screenshot-2024-03-19-171257.png 986w, https:\/\/spirit-of-football.de\/wp-content\/uploads\/sites\/12\/2024\/03\/Screenshot-2024-03-19-171257-18x5.png 18w, https:\/\/spirit-of-football.de\/wp-content\/uploads\/sites\/12\/2024\/03\/Screenshot-2024-03-19-171257-553x159.png 553w, https:\/\/spirit-of-football.de\/wp-content\/uploads\/sites\/12\/2024\/03\/Screenshot-2024-03-19-171257-640x184.png 640w, https:\/\/spirit-of-football.de\/wp-content\/uploads\/sites\/12\/2024\/03\/Screenshot-2024-03-19-171257-618x178.png 618w, https:\/\/spirit-of-football.de\/wp-content\/uploads\/sites\/12\/2024\/03\/Screenshot-2024-03-19-171257-240x69.png 240w, https:\/\/spirit-of-football.de\/wp-content\/uploads\/sites\/12\/2024\/03\/Screenshot-2024-03-19-171257-980x284.png 980w, https:\/\/spirit-of-football.de\/wp-content\/uploads\/sites\/12\/2024\/03\/Screenshot-2024-03-19-171257-300x86.png 300w, https:\/\/spirit-of-football.de\/wp-content\/uploads\/sites\/12\/2024\/03\/Screenshot-2024-03-19-171257-768x221.png 768w, https:\/\/spirit-of-football.de\/wp-content\/uploads\/sites\/12\/2024\/03\/Screenshot-2024-03-19-171257-500x144.png 500w\" sizes=\"auto, (max-width: 361px) 100vw, 361px\" \/><img loading=\"lazy\" decoding=\"async\" data-attachment-id=\"89265\" data-permalink=\"https:\/\/spirit-of-football.de\/en\/2024\/02\/17\/vom-fussball-beruehrt-anstoss-der-stiftung-fussball-kultur-euro2024-future-ball-war-dabei\/uefa_claim_heimspiel_europa_2zeilig_schwarz_rgb_rz\/\" data-orig-file=\"https:\/\/spirit-of-football.de\/wp-content\/uploads\/sites\/12\/2024\/02\/UEFA_Claim_Heimspiel_Europa_2zeilig_schwarz_RGB_RZ.png\" data-orig-size=\"1314,488\" data-comments-opened=\"1\" data-image-meta=\"{&quot;aperture&quot;:&quot;0&quot;,&quot;credit&quot;:&quot;&quot;,&quot;camera&quot;:&quot;&quot;,&quot;caption&quot;:&quot;&quot;,&quot;created_timestamp&quot;:&quot;0&quot;,&quot;copyright&quot;:&quot;&quot;,&quot;focal_length&quot;:&quot;0&quot;,&quot;iso&quot;:&quot;0&quot;,&quot;shutter_speed&quot;:&quot;0&quot;,&quot;title&quot;:&quot;&quot;,&quot;orientation&quot;:&quot;0&quot;}\" data-image-title=\"UEFA_Claim_Heimspiel_Europa_2zeilig_schwarz_RGB_RZ\" data-image-description=\"\" data-image-caption=\"\" data-large-file=\"https:\/\/spirit-of-football.de\/wp-content\/uploads\/sites\/12\/2024\/02\/UEFA_Claim_Heimspiel_Europa_2zeilig_schwarz_RGB_RZ-1024x380.png\" class=\"alignnone size-medium wp-image-89265\" src=\"https:\/\/spirit-of-football.de\/wp-content\/uploads\/sites\/12\/2024\/02\/UEFA_Claim_Heimspiel_Europa_2zeilig_schwarz_RGB_RZ-300x111.png\" alt=\"\" width=\"300\" height=\"111\" srcset=\"https:\/\/spirit-of-football.de\/wp-content\/uploads\/sites\/12\/2024\/02\/UEFA_Claim_Heimspiel_Europa_2zeilig_schwarz_RGB_RZ-300x111.png 300w, https:\/\/spirit-of-football.de\/wp-content\/uploads\/sites\/12\/2024\/02\/UEFA_Claim_Heimspiel_Europa_2zeilig_schwarz_RGB_RZ-18x7.png 18w, https:\/\/spirit-of-football.de\/wp-content\/uploads\/sites\/12\/2024\/02\/UEFA_Claim_Heimspiel_Europa_2zeilig_schwarz_RGB_RZ-1280x475.png 1280w, https:\/\/spirit-of-football.de\/wp-content\/uploads\/sites\/12\/2024\/02\/UEFA_Claim_Heimspiel_Europa_2zeilig_schwarz_RGB_RZ-553x205.png 553w, https:\/\/spirit-of-football.de\/wp-content\/uploads\/sites\/12\/2024\/02\/UEFA_Claim_Heimspiel_Europa_2zeilig_schwarz_RGB_RZ-640x238.png 640w, https:\/\/spirit-of-football.de\/wp-content\/uploads\/sites\/12\/2024\/02\/UEFA_Claim_Heimspiel_Europa_2zeilig_schwarz_RGB_RZ-618x230.png 618w, https:\/\/spirit-of-football.de\/wp-content\/uploads\/sites\/12\/2024\/02\/UEFA_Claim_Heimspiel_Europa_2zeilig_schwarz_RGB_RZ-240x89.png 240w, https:\/\/spirit-of-football.de\/wp-content\/uploads\/sites\/12\/2024\/02\/UEFA_Claim_Heimspiel_Europa_2zeilig_schwarz_RGB_RZ-980x360.png 980w, https:\/\/spirit-of-football.de\/wp-content\/uploads\/sites\/12\/2024\/02\/UEFA_Claim_Heimspiel_Europa_2zeilig_schwarz_RGB_RZ-768x285.png 768w, https:\/\/spirit-of-football.de\/wp-content\/uploads\/sites\/12\/2024\/02\/UEFA_Claim_Heimspiel_Europa_2zeilig_schwarz_RGB_RZ-1024x380.png 1024w, https:\/\/spirit-of-football.de\/wp-content\/uploads\/sites\/12\/2024\/02\/UEFA_Claim_Heimspiel_Europa_2zeilig_schwarz_RGB_RZ-500x186.png 500w, https:\/\/spirit-of-football.de\/wp-content\/uploads\/sites\/12\/2024\/02\/UEFA_Claim_Heimspiel_Europa_2zeilig_schwarz_RGB_RZ.png 1314w\" sizes=\"auto, (max-width: 300px) 100vw, 300px\" \/><img loading=\"lazy\" decoding=\"async\" data-attachment-id=\"90644\" data-permalink=\"https:\/\/spirit-of-football.de\/en\/2024\/03\/19\/gruen-weisses-klassenzimmer-x-spirit-of-football-eine-besondere-verbindung\/uefa_foundation_logo_ger_cmyk_onlight\/\" data-orig-file=\"https:\/\/spirit-of-football.de\/wp-content\/uploads\/sites\/12\/2024\/03\/UEFA_Foundation_Logo_GER_CMYK_onLight.jpg\" data-orig-size=\"2011,1181\" data-comments-opened=\"1\" data-image-meta=\"{&quot;aperture&quot;:&quot;0&quot;,&quot;credit&quot;:&quot;&quot;,&quot;camera&quot;:&quot;&quot;,&quot;caption&quot;:&quot;&quot;,&quot;created_timestamp&quot;:&quot;0&quot;,&quot;copyright&quot;:&quot;&quot;,&quot;focal_length&quot;:&quot;0&quot;,&quot;iso&quot;:&quot;0&quot;,&quot;shutter_speed&quot;:&quot;0&quot;,&quot;title&quot;:&quot;&quot;,&quot;orientation&quot;:&quot;0&quot;}\" data-image-title=\"UEFA_Foundation_Logo_GER_CMYK_onLight\" data-image-description=\"\" data-image-caption=\"\" data-large-file=\"https:\/\/spirit-of-football.de\/wp-content\/uploads\/sites\/12\/2024\/03\/UEFA_Foundation_Logo_GER_CMYK_onLight-1024x601.jpg\" class=\"alignnone wp-image-90644\" src=\"https:\/\/spirit-of-football.de\/wp-content\/uploads\/sites\/12\/2024\/03\/UEFA_Foundation_Logo_GER_CMYK_onLight.jpg\" alt=\"\" width=\"168\" height=\"98\" srcset=\"https:\/\/spirit-of-football.de\/wp-content\/uploads\/sites\/12\/2024\/03\/UEFA_Foundation_Logo_GER_CMYK_onLight.jpg 2011w, https:\/\/spirit-of-football.de\/wp-content\/uploads\/sites\/12\/2024\/03\/UEFA_Foundation_Logo_GER_CMYK_onLight-18x12.jpg 18w, https:\/\/spirit-of-football.de\/wp-content\/uploads\/sites\/12\/2024\/03\/UEFA_Foundation_Logo_GER_CMYK_onLight-1226x720.jpg 1226w, https:\/\/spirit-of-football.de\/wp-content\/uploads\/sites\/12\/2024\/03\/UEFA_Foundation_Logo_GER_CMYK_onLight-545x320.jpg 545w, https:\/\/spirit-of-football.de\/wp-content\/uploads\/sites\/12\/2024\/03\/UEFA_Foundation_Logo_GER_CMYK_onLight-640x376.jpg 640w, https:\/\/spirit-of-football.de\/wp-content\/uploads\/sites\/12\/2024\/03\/UEFA_Foundation_Logo_GER_CMYK_onLight-618x363.jpg 618w, https:\/\/spirit-of-football.de\/wp-content\/uploads\/sites\/12\/2024\/03\/UEFA_Foundation_Logo_GER_CMYK_onLight-240x141.jpg 240w, https:\/\/spirit-of-football.de\/wp-content\/uploads\/sites\/12\/2024\/03\/UEFA_Foundation_Logo_GER_CMYK_onLight-980x576.jpg 980w, https:\/\/spirit-of-football.de\/wp-content\/uploads\/sites\/12\/2024\/03\/UEFA_Foundation_Logo_GER_CMYK_onLight-300x176.jpg 300w, https:\/\/spirit-of-football.de\/wp-content\/uploads\/sites\/12\/2024\/03\/UEFA_Foundation_Logo_GER_CMYK_onLight-768x451.jpg 768w, https:\/\/spirit-of-football.de\/wp-content\/uploads\/sites\/12\/2024\/03\/UEFA_Foundation_Logo_GER_CMYK_onLight-1024x601.jpg 1024w, https:\/\/spirit-of-football.de\/wp-content\/uploads\/sites\/12\/2024\/03\/UEFA_Foundation_Logo_GER_CMYK_onLight-1536x902.jpg 1536w, https:\/\/spirit-of-football.de\/wp-content\/uploads\/sites\/12\/2024\/03\/UEFA_Foundation_Logo_GER_CMYK_onLight-500x294.jpg 500w\" sizes=\"auto, (max-width: 168px) 100vw, 168px\" \/><\/p>\n<p>&nbsp;<\/p>","protected":false},"excerpt":{"rendered":"<p>Nach drei Tagen Erholung trafen Andrew und ich uns am 4. Juli wieder in der Hansestadt Hamburg, beide mit einiger Versp\u00e4tung, dank der deutschen Bahn. Wir waren mit dem Future Ball zum Hamburger Sport Summit eingeladen. Thema der Konferenz war&#8230; <a class=\"read-more\" href=\"https:\/\/spirit-of-football.de\/en\/2024\/07\/05\/hamburg-meine-perle\/\">[Read more]<\/a><\/p>\n","protected":false},"author":75,"featured_media":95841,"comment_status":"open","ping_status":"open","sticky":false,"template":"","format":"standard","meta":{"_acf_changed":false,"_jetpack_memberships_contains_paid_content":false,"footnotes":""},"categories":[1770],"tags":[2075],"class_list":["post-95839","post","type-post","status-publish","format-standard","has-post-thumbnail","hentry","category-future-ball-de","tag-hamburg"],"acf":[],"jetpack_featured_media_url":"https:\/\/spirit-of-football.de\/wp-content\/uploads\/sites\/12\/2024\/07\/Screenshot-2024-07-31-113525.jpg","jetpack_sharing_enabled":true,"_links":{"self":[{"href":"https:\/\/spirit-of-football.de\/en\/wp-json\/wp\/v2\/posts\/95839","targetHints":{"allow":["GET"]}}],"collection":[{"href":"https:\/\/spirit-of-football.de\/en\/wp-json\/wp\/v2\/posts"}],"about":[{"href":"https:\/\/spirit-of-football.de\/en\/wp-json\/wp\/v2\/types\/post"}],"author":[{"embeddable":true,"href":"https:\/\/spirit-of-football.de\/en\/wp-json\/wp\/v2\/users\/75"}],"replies":[{"embeddable":true,"href":"https:\/\/spirit-of-football.de\/en\/wp-json\/wp\/v2\/comments?post=95839"}],"version-history":[{"count":3,"href":"https:\/\/spirit-of-football.de\/en\/wp-json\/wp\/v2\/posts\/95839\/revisions"}],"predecessor-version":[{"id":96983,"href":"https:\/\/spirit-of-football.de\/en\/wp-json\/wp\/v2\/posts\/95839\/revisions\/96983"}],"wp:featuredmedia":[{"embeddable":true,"href":"https:\/\/spirit-of-football.de\/en\/wp-json\/wp\/v2\/media\/95841"}],"wp:attachment":[{"href":"https:\/\/spirit-of-football.de\/en\/wp-json\/wp\/v2\/media?parent=95839"}],"wp:term":[{"taxonomy":"category","embeddable":true,"href":"https:\/\/spirit-of-football.de\/en\/wp-json\/wp\/v2\/categories?post=95839"},{"taxonomy":"post_tag","embeddable":true,"href":"https:\/\/spirit-of-football.de\/en\/wp-json\/wp\/v2\/tags?post=95839"}],"curies":[{"name":"wp","href":"https:\/\/api.w.org\/{rel}","templated":true}]}}