{"id":9551,"date":"2018-10-08T14:32:05","date_gmt":"2018-10-08T12:32:05","guid":{"rendered":"https:\/\/spirit-of-football.de\/?p=9551"},"modified":"2018-10-12T14:46:14","modified_gmt":"2018-10-12T12:46:14","slug":"unteilbar-solidaritaet-statt-ausgrenzung","status":"publish","type":"post","link":"https:\/\/spirit-of-football.de\/en\/2018\/10\/08\/unteilbar-solidaritaet-statt-ausgrenzung\/","title":{"rendered":"UNTEILBAR &#8211; Solidarit\u00e4t statt Ausgrenzung"},"content":{"rendered":"<p>Am Samstag, den 13. Oktober findet in Berlin die Gro\u00dfdemo #unteilbar f\u00fcr eine offene und freie Gesellschaft statt. Wer kann, sollte sich auf nach Berlin machen. Es ist an der Zeit ein Zeichen zu setzen, wie wir in Zukunft in Deutschland leben wollen.<\/p>\n<div class=\"fb-video\" data-allowfullscreen=\"true\" data-href=\"https:\/\/www.facebook.com\/buendnisunteilbar\/videos\/308676936599588\/\" style=\"background-color: #fff; display: inline-block;\"><\/div>\n<p>&nbsp;<\/p>\n<h3>\u00dcber die Kampagne (Quelle: www.facebook.com\/buendnisunteilbar)<\/h3>\n<p>&#8222;Wir sind ein breites B\u00fcndnis f\u00fcr eine vielf\u00e4ltige, freie und solidarische Gesellschaft.<\/p>\n<p>Die derzeitigen Angriffe auf Menschenrechte, Religionsfreiheit und Rechtsstaat sehen wir mit gro\u00dfer Sorge.<\/p>\n<p>Wir lassen nicht zu, dass Ausgrenzung und Menschenverachtung gesellschaftsf\u00e4hig werden.<\/p>\n<p>Gemeinsam stellen wir uns gegen Diskriminierung, Verarmung, Rassismus, Sexismus, Entrechtung und Nationalismus.<\/p>\n<p>Wir sind viele. Mit einer Gro\u00dfdemonstration am 13. Oktober 2018 setzen wir in Berlin ein Zeichen. Lasst uns gemeinsam stark und laut sein f\u00fcr eine offene, freie Gesellschaft und f\u00fcr soziale Gerechtigkeit.<\/p>\n<p>Wir machen weiter. #unteilbar soll Basis f\u00fcr weitere gesellschaftliche Interventionen sein.<\/p>\n<p>&nbsp;<\/p>\n<p>We are an alliance standing for a diverse, free and unified society.<br \/>\nThe current attacks on human rights, religious freedom, and the foundations of our democratic state, are alarming.<\/p>\n<p>We will not allow such exclusion and inhumanity to become socially acceptable. Together we rise up against discrimination, poverty, racism, sexism, disenfranchisement, and nationalism.<\/p>\n<p>We are the Many and we will stand united as one on October 13, 2018.<br \/>\nWe keep on fighting, #unteilbar is the foundation for further resistance against all forms of hate, bigotry, and violence.&#8220;<\/p>","protected":false},"excerpt":{"rendered":"<p>Am Samstag, den 13. Oktober findet in Berlin die Gro\u00dfdemo #unteilbar f\u00fcr eine offene und freie Gesellschaft statt. Wer kann, sollte sich auf nach Berlin machen. Es ist an der Zeit ein Zeichen zu setzen, wie wir in Zukunft in&#8230; <a class=\"read-more\" href=\"https:\/\/spirit-of-football.de\/en\/2018\/10\/08\/unteilbar-solidaritaet-statt-ausgrenzung\/\">[Read more]<\/a><\/p>\n","protected":false},"author":8,"featured_media":0,"comment_status":"open","ping_status":"open","sticky":false,"template":"","format":"standard","meta":{"_acf_changed":false,"_jetpack_memberships_contains_paid_content":false,"footnotes":""},"categories":[51],"tags":[928,927,926],"class_list":["post-9551","post","type-post","status-publish","format-standard","hentry","category-spiritofaction","tag-berlin","tag-demo","tag-unteilbar"],"acf":[],"jetpack_featured_media_url":"","jetpack_sharing_enabled":true,"_links":{"self":[{"href":"https:\/\/spirit-of-football.de\/en\/wp-json\/wp\/v2\/posts\/9551","targetHints":{"allow":["GET"]}}],"collection":[{"href":"https:\/\/spirit-of-football.de\/en\/wp-json\/wp\/v2\/posts"}],"about":[{"href":"https:\/\/spirit-of-football.de\/en\/wp-json\/wp\/v2\/types\/post"}],"author":[{"embeddable":true,"href":"https:\/\/spirit-of-football.de\/en\/wp-json\/wp\/v2\/users\/8"}],"replies":[{"embeddable":true,"href":"https:\/\/spirit-of-football.de\/en\/wp-json\/wp\/v2\/comments?post=9551"}],"version-history":[{"count":4,"href":"https:\/\/spirit-of-football.de\/en\/wp-json\/wp\/v2\/posts\/9551\/revisions"}],"predecessor-version":[{"id":9555,"href":"https:\/\/spirit-of-football.de\/en\/wp-json\/wp\/v2\/posts\/9551\/revisions\/9555"}],"wp:attachment":[{"href":"https:\/\/spirit-of-football.de\/en\/wp-json\/wp\/v2\/media?parent=9551"}],"wp:term":[{"taxonomy":"category","embeddable":true,"href":"https:\/\/spirit-of-football.de\/en\/wp-json\/wp\/v2\/categories?post=9551"},{"taxonomy":"post_tag","embeddable":true,"href":"https:\/\/spirit-of-football.de\/en\/wp-json\/wp\/v2\/tags?post=9551"}],"curies":[{"name":"wp","href":"https:\/\/api.w.org\/{rel}","templated":true}]}}