{"id":95173,"date":"2024-06-19T23:01:17","date_gmt":"2024-06-19T21:01:17","guid":{"rendered":"https:\/\/spirit-of-football.de\/?p=95173"},"modified":"2024-07-22T17:00:52","modified_gmt":"2024-07-22T15:00:52","slug":"future-ball-schnuppert-stadionumluft-in-stuttgart","status":"publish","type":"post","link":"https:\/\/spirit-of-football.de\/en\/2024\/06\/19\/future-ball-schnuppert-stadionumluft-in-stuttgart\/","title":{"rendered":"Future Ball schnuppert Stadionumluft in Stuttgart"},"content":{"rendered":"<p>Nach einem aufregenden Tag in Rottenburg im Begegnungsgarten schauten wir noch gemeinsam das Abendspiel der EM und am n\u00e4chsten Morgen ging es auch schon los Richtung Stuttgart. W\u00e4hrend dort im Stuttgarter Stadion Deutschland gegen Ungarn spielte, schauten wir das Spiel in einem nahe gelegenen Biergarten. Nat\u00fcrlich freuten wir uns mit den anderen Deutschlandfans \u00fcber das 2:0 und gingen auf dem Nach-Hause-Weg noch am Stadion vorbei \u2013 prompt sahen wir den Mannschaftsbus der DFB-Elf vorbeifahren. So nah und doch so fern ;).<\/p>\n<p>Zwar konnten wir die deutschen Spieler nicht erwischen, aber trafen daf\u00fcr viele Fans, die sehr viel Spa\u00df an Kopfb\u00e4llen und Unterschriften hatten. Tolle Stimmung in Stuttgart \u2013 das macht Lust auf mehr!<\/p>\n<div class=\"tiled-gallery type-rectangular tiled-gallery-unresized\" data-original-width=\"1040\" data-carousel-extra='{&quot;blog_id&quot;:12,&quot;permalink&quot;:&quot;https:\\\/\\\/spirit-of-football.de\\\/en\\\/2024\\\/06\\\/19\\\/future-ball-schnuppert-stadionumluft-in-stuttgart\\\/&quot;,&quot;likes_blog_id&quot;:false}' itemscope itemtype=\"http:\/\/schema.org\/ImageGallery\" > <div class=\"gallery-row\" style=\"width: 1040px; height: 902px;\" data-original-width=\"1040\" data-original-height=\"902\" > <div class=\"gallery-group images-3\" style=\"width: 531px; height: 902px;\" data-original-width=\"531\" data-original-height=\"902\" > <div class=\"tiled-gallery-item tiled-gallery-item-large\" itemprop=\"associatedMedia\" itemscope itemtype=\"http:\/\/schema.org\/ImageObject\"> <a href=\"https:\/\/spirit-of-football.de\/en\/2024\/06\/19\/future-ball-schnuppert-stadionumluft-in-stuttgart\/20240619_210030\/\" border=\"0\" itemprop=\"url\"> <meta itemprop=\"width\" content=\"527\"> <meta itemprop=\"height\" content=\"297\"> <img decoding=\"async\" class=\"\" data-attachment-id=\"95176\" data-orig-file=\"https:\/\/spirit-of-football.de\/wp-content\/uploads\/sites\/12\/2024\/07\/20240619_210030-scaled.jpg\" data-orig-size=\"2560,1440\" data-comments-opened=\"1\" data-image-meta=\"{&quot;aperture&quot;:&quot;1.8&quot;,&quot;credit&quot;:&quot;&quot;,&quot;camera&quot;:&quot;SM-G996B&quot;,&quot;caption&quot;:&quot;&quot;,&quot;created_timestamp&quot;:&quot;1718830830&quot;,&quot;copyright&quot;:&quot;&quot;,&quot;focal_length&quot;:&quot;5.4&quot;,&quot;iso&quot;:&quot;100&quot;,&quot;shutter_speed&quot;:&quot;0.004&quot;,&quot;title&quot;:&quot;&quot;,&quot;orientation&quot;:&quot;1&quot;}\" data-image-title=\"20240619_210030\" data-image-description=\"\" data-medium-file=\"https:\/\/spirit-of-football.de\/wp-content\/uploads\/sites\/12\/2024\/07\/20240619_210030-300x169.jpg\" data-large-file=\"https:\/\/spirit-of-football.de\/wp-content\/uploads\/sites\/12\/2024\/07\/20240619_210030-1024x576.jpg\" src=\"https:\/\/spirit-of-football.de\/wp-content\/uploads\/sites\/12\/2024\/07\/20240619_210030-scaled.jpg\" srcset=\"https:\/\/spirit-of-football.de\/wp-content\/uploads\/sites\/12\/2024\/07\/20240619_210030-scaled.jpg 2560w, https:\/\/spirit-of-football.de\/wp-content\/uploads\/sites\/12\/2024\/07\/20240619_210030-18x10.jpg 18w, https:\/\/spirit-of-football.de\/wp-content\/uploads\/sites\/12\/2024\/07\/20240619_210030-1280x720.jpg 1280w, https:\/\/spirit-of-football.de\/wp-content\/uploads\/sites\/12\/2024\/07\/20240619_210030-553x311.jpg 553w, https:\/\/spirit-of-football.de\/wp-content\/uploads\/sites\/12\/2024\/07\/20240619_210030-640x360.jpg 640w, https:\/\/spirit-of-football.de\/wp-content\/uploads\/sites\/12\/2024\/07\/20240619_210030-618x348.jpg 618w, https:\/\/spirit-of-football.de\/wp-content\/uploads\/sites\/12\/2024\/07\/20240619_210030-240x135.jpg 240w, https:\/\/spirit-of-football.de\/wp-content\/uploads\/sites\/12\/2024\/07\/20240619_210030-980x551.jpg 980w, https:\/\/spirit-of-football.de\/wp-content\/uploads\/sites\/12\/2024\/07\/20240619_210030-300x169.jpg 300w, https:\/\/spirit-of-football.de\/wp-content\/uploads\/sites\/12\/2024\/07\/20240619_210030-768x432.jpg 768w, https:\/\/spirit-of-football.de\/wp-content\/uploads\/sites\/12\/2024\/07\/20240619_210030-1024x576.jpg 1024w, https:\/\/spirit-of-football.de\/wp-content\/uploads\/sites\/12\/2024\/07\/20240619_210030-1536x864.jpg 1536w, https:\/\/spirit-of-football.de\/wp-content\/uploads\/sites\/12\/2024\/07\/20240619_210030-2048x1152.jpg 2048w, https:\/\/spirit-of-football.de\/wp-content\/uploads\/sites\/12\/2024\/07\/20240619_210030-500x281.jpg 500w\" width=\"527\" height=\"297\" loading=\"lazy\" data-original-width=\"527\" data-original-height=\"297\" itemprop=\"http:\/\/schema.org\/image\" title=\"20240619_210030\" alt=\"20240619_210030\" style=\"width: 527px; height: 297px;\" \/> <\/a> <\/div> <div class=\"tiled-gallery-item tiled-gallery-item-large\" itemprop=\"associatedMedia\" itemscope itemtype=\"http:\/\/schema.org\/ImageObject\"> <a href=\"https:\/\/spirit-of-football.de\/en\/2024\/06\/19\/future-ball-schnuppert-stadionumluft-in-stuttgart\/20240619_210719\/\" border=\"0\" itemprop=\"url\"> <meta itemprop=\"width\" content=\"527\"> <meta itemprop=\"height\" content=\"297\"> <img decoding=\"async\" class=\"\" data-attachment-id=\"95178\" data-orig-file=\"https:\/\/spirit-of-football.de\/wp-content\/uploads\/sites\/12\/2024\/07\/20240619_210719-scaled.jpg\" data-orig-size=\"2560,1440\" data-comments-opened=\"1\" data-image-meta=\"{&quot;aperture&quot;:&quot;1.8&quot;,&quot;credit&quot;:&quot;&quot;,&quot;camera&quot;:&quot;SM-G996B&quot;,&quot;caption&quot;:&quot;&quot;,&quot;created_timestamp&quot;:&quot;1718831239&quot;,&quot;copyright&quot;:&quot;&quot;,&quot;focal_length&quot;:&quot;5.4&quot;,&quot;iso&quot;:&quot;80&quot;,&quot;shutter_speed&quot;:&quot;0.01&quot;,&quot;title&quot;:&quot;&quot;,&quot;orientation&quot;:&quot;1&quot;}\" data-image-title=\"20240619_210719\" data-image-description=\"\" data-medium-file=\"https:\/\/spirit-of-football.de\/wp-content\/uploads\/sites\/12\/2024\/07\/20240619_210719-300x169.jpg\" data-large-file=\"https:\/\/spirit-of-football.de\/wp-content\/uploads\/sites\/12\/2024\/07\/20240619_210719-1024x576.jpg\" src=\"https:\/\/spirit-of-football.de\/wp-content\/uploads\/sites\/12\/2024\/07\/20240619_210719-scaled.jpg\" srcset=\"https:\/\/spirit-of-football.de\/wp-content\/uploads\/sites\/12\/2024\/07\/20240619_210719-scaled.jpg 2560w, https:\/\/spirit-of-football.de\/wp-content\/uploads\/sites\/12\/2024\/07\/20240619_210719-18x10.jpg 18w, https:\/\/spirit-of-football.de\/wp-content\/uploads\/sites\/12\/2024\/07\/20240619_210719-1280x720.jpg 1280w, https:\/\/spirit-of-football.de\/wp-content\/uploads\/sites\/12\/2024\/07\/20240619_210719-553x311.jpg 553w, https:\/\/spirit-of-football.de\/wp-content\/uploads\/sites\/12\/2024\/07\/20240619_210719-640x360.jpg 640w, https:\/\/spirit-of-football.de\/wp-content\/uploads\/sites\/12\/2024\/07\/20240619_210719-618x348.jpg 618w, https:\/\/spirit-of-football.de\/wp-content\/uploads\/sites\/12\/2024\/07\/20240619_210719-240x135.jpg 240w, https:\/\/spirit-of-football.de\/wp-content\/uploads\/sites\/12\/2024\/07\/20240619_210719-980x551.jpg 980w, https:\/\/spirit-of-football.de\/wp-content\/uploads\/sites\/12\/2024\/07\/20240619_210719-300x169.jpg 300w, https:\/\/spirit-of-football.de\/wp-content\/uploads\/sites\/12\/2024\/07\/20240619_210719-768x432.jpg 768w, https:\/\/spirit-of-football.de\/wp-content\/uploads\/sites\/12\/2024\/07\/20240619_210719-1024x576.jpg 1024w, https:\/\/spirit-of-football.de\/wp-content\/uploads\/sites\/12\/2024\/07\/20240619_210719-1536x864.jpg 1536w, https:\/\/spirit-of-football.de\/wp-content\/uploads\/sites\/12\/2024\/07\/20240619_210719-2048x1152.jpg 2048w, https:\/\/spirit-of-football.de\/wp-content\/uploads\/sites\/12\/2024\/07\/20240619_210719-500x281.jpg 500w\" width=\"527\" height=\"297\" loading=\"lazy\" data-original-width=\"527\" data-original-height=\"297\" itemprop=\"http:\/\/schema.org\/image\" title=\"20240619_210719\" alt=\"20240619_210719\" style=\"width: 527px; height: 297px;\" \/> <\/a> <\/div> <div class=\"tiled-gallery-item tiled-gallery-item-large\" itemprop=\"associatedMedia\" itemscope itemtype=\"http:\/\/schema.org\/ImageObject\"> <a href=\"https:\/\/spirit-of-football.de\/en\/2024\/06\/19\/future-ball-schnuppert-stadionumluft-in-stuttgart\/20240619_205819\/\" border=\"0\" itemprop=\"url\"> <meta itemprop=\"width\" content=\"527\"> <meta itemprop=\"height\" content=\"296\"> <img decoding=\"async\" class=\"\" data-attachment-id=\"95177\" data-orig-file=\"https:\/\/spirit-of-football.de\/wp-content\/uploads\/sites\/12\/2024\/07\/20240619_205819-scaled.jpg\" data-orig-size=\"2560,1440\" data-comments-opened=\"1\" data-image-meta=\"{&quot;aperture&quot;:&quot;1.8&quot;,&quot;credit&quot;:&quot;&quot;,&quot;camera&quot;:&quot;SM-G996B&quot;,&quot;caption&quot;:&quot;&quot;,&quot;created_timestamp&quot;:&quot;1718830700&quot;,&quot;copyright&quot;:&quot;&quot;,&quot;focal_length&quot;:&quot;5.4&quot;,&quot;iso&quot;:&quot;125&quot;,&quot;shutter_speed&quot;:&quot;0.01&quot;,&quot;title&quot;:&quot;&quot;,&quot;orientation&quot;:&quot;1&quot;}\" data-image-title=\"20240619_205819\" data-image-description=\"\" data-medium-file=\"https:\/\/spirit-of-football.de\/wp-content\/uploads\/sites\/12\/2024\/07\/20240619_205819-300x169.jpg\" data-large-file=\"https:\/\/spirit-of-football.de\/wp-content\/uploads\/sites\/12\/2024\/07\/20240619_205819-1024x576.jpg\" src=\"https:\/\/spirit-of-football.de\/wp-content\/uploads\/sites\/12\/2024\/07\/20240619_205819-scaled.jpg\" srcset=\"https:\/\/spirit-of-football.de\/wp-content\/uploads\/sites\/12\/2024\/07\/20240619_205819-scaled.jpg 2560w, https:\/\/spirit-of-football.de\/wp-content\/uploads\/sites\/12\/2024\/07\/20240619_205819-18x10.jpg 18w, https:\/\/spirit-of-football.de\/wp-content\/uploads\/sites\/12\/2024\/07\/20240619_205819-1280x720.jpg 1280w, https:\/\/spirit-of-football.de\/wp-content\/uploads\/sites\/12\/2024\/07\/20240619_205819-553x311.jpg 553w, https:\/\/spirit-of-football.de\/wp-content\/uploads\/sites\/12\/2024\/07\/20240619_205819-640x360.jpg 640w, https:\/\/spirit-of-football.de\/wp-content\/uploads\/sites\/12\/2024\/07\/20240619_205819-618x348.jpg 618w, https:\/\/spirit-of-football.de\/wp-content\/uploads\/sites\/12\/2024\/07\/20240619_205819-240x135.jpg 240w, https:\/\/spirit-of-football.de\/wp-content\/uploads\/sites\/12\/2024\/07\/20240619_205819-980x551.jpg 980w, https:\/\/spirit-of-football.de\/wp-content\/uploads\/sites\/12\/2024\/07\/20240619_205819-300x169.jpg 300w, https:\/\/spirit-of-football.de\/wp-content\/uploads\/sites\/12\/2024\/07\/20240619_205819-768x432.jpg 768w, https:\/\/spirit-of-football.de\/wp-content\/uploads\/sites\/12\/2024\/07\/20240619_205819-1024x576.jpg 1024w, https:\/\/spirit-of-football.de\/wp-content\/uploads\/sites\/12\/2024\/07\/20240619_205819-1536x864.jpg 1536w, https:\/\/spirit-of-football.de\/wp-content\/uploads\/sites\/12\/2024\/07\/20240619_205819-2048x1152.jpg 2048w, https:\/\/spirit-of-football.de\/wp-content\/uploads\/sites\/12\/2024\/07\/20240619_205819-500x281.jpg 500w\" width=\"527\" height=\"296\" loading=\"lazy\" data-original-width=\"527\" data-original-height=\"296\" itemprop=\"http:\/\/schema.org\/image\" title=\"20240619_205819\" alt=\"20240619_205819\" style=\"width: 527px; height: 296px;\" \/> <\/a> <\/div> <\/div> <!-- close group --> <div class=\"gallery-group images-1\" style=\"width: 509px; height: 902px;\" data-original-width=\"509\" data-original-height=\"902\" > <div class=\"tiled-gallery-item tiled-gallery-item-large\" itemprop=\"associatedMedia\" itemscope itemtype=\"http:\/\/schema.org\/ImageObject\"> <a href=\"https:\/\/spirit-of-football.de\/en\/2024\/06\/19\/future-ball-schnuppert-stadionumluft-in-stuttgart\/20240619_212044\/\" border=\"0\" itemprop=\"url\"> <meta itemprop=\"width\" content=\"505\"> <meta itemprop=\"height\" content=\"898\"> <img decoding=\"async\" class=\"\" data-attachment-id=\"95179\" data-orig-file=\"https:\/\/spirit-of-football.de\/wp-content\/uploads\/sites\/12\/2024\/07\/20240619_212044-scaled.jpg\" data-orig-size=\"1440,2560\" data-comments-opened=\"1\" data-image-meta=\"{&quot;aperture&quot;:&quot;1.8&quot;,&quot;credit&quot;:&quot;&quot;,&quot;camera&quot;:&quot;SM-G996B&quot;,&quot;caption&quot;:&quot;&quot;,&quot;created_timestamp&quot;:&quot;1718832045&quot;,&quot;copyright&quot;:&quot;&quot;,&quot;focal_length&quot;:&quot;5.4&quot;,&quot;iso&quot;:&quot;500&quot;,&quot;shutter_speed&quot;:&quot;0.02&quot;,&quot;title&quot;:&quot;&quot;,&quot;orientation&quot;:&quot;1&quot;}\" data-image-title=\"20240619_212044\" data-image-description=\"\" data-medium-file=\"https:\/\/spirit-of-football.de\/wp-content\/uploads\/sites\/12\/2024\/07\/20240619_212044-169x300.jpg\" data-large-file=\"https:\/\/spirit-of-football.de\/wp-content\/uploads\/sites\/12\/2024\/07\/20240619_212044-576x1024.jpg\" src=\"https:\/\/spirit-of-football.de\/wp-content\/uploads\/sites\/12\/2024\/07\/20240619_212044-scaled.jpg\" srcset=\"https:\/\/spirit-of-football.de\/wp-content\/uploads\/sites\/12\/2024\/07\/20240619_212044-scaled.jpg 1440w, https:\/\/spirit-of-football.de\/wp-content\/uploads\/sites\/12\/2024\/07\/20240619_212044-7x12.jpg 7w, https:\/\/spirit-of-football.de\/wp-content\/uploads\/sites\/12\/2024\/07\/20240619_212044-405x720.jpg 405w, https:\/\/spirit-of-football.de\/wp-content\/uploads\/sites\/12\/2024\/07\/20240619_212044-180x320.jpg 180w, https:\/\/spirit-of-football.de\/wp-content\/uploads\/sites\/12\/2024\/07\/20240619_212044-360x640.jpg 360w, https:\/\/spirit-of-football.de\/wp-content\/uploads\/sites\/12\/2024\/07\/20240619_212044-348x618.jpg 348w, https:\/\/spirit-of-football.de\/wp-content\/uploads\/sites\/12\/2024\/07\/20240619_212044-135x240.jpg 135w, https:\/\/spirit-of-football.de\/wp-content\/uploads\/sites\/12\/2024\/07\/20240619_212044-551x980.jpg 551w, https:\/\/spirit-of-football.de\/wp-content\/uploads\/sites\/12\/2024\/07\/20240619_212044-169x300.jpg 169w, https:\/\/spirit-of-football.de\/wp-content\/uploads\/sites\/12\/2024\/07\/20240619_212044-768x1365.jpg 768w, https:\/\/spirit-of-football.de\/wp-content\/uploads\/sites\/12\/2024\/07\/20240619_212044-576x1024.jpg 576w, https:\/\/spirit-of-football.de\/wp-content\/uploads\/sites\/12\/2024\/07\/20240619_212044-864x1536.jpg 864w, https:\/\/spirit-of-football.de\/wp-content\/uploads\/sites\/12\/2024\/07\/20240619_212044-1152x2048.jpg 1152w\" width=\"505\" height=\"898\" loading=\"lazy\" data-original-width=\"505\" data-original-height=\"898\" itemprop=\"http:\/\/schema.org\/image\" title=\"20240619_212044\" alt=\"20240619_212044\" style=\"width: 505px; height: 898px;\" \/> <\/a> <\/div> <\/div> <!-- close group --> <\/div> <!-- close row --> <div class=\"gallery-row\" style=\"width: 1040px; height: 587px;\" data-original-width=\"1040\" data-original-height=\"587\" > <div class=\"gallery-group images-1\" style=\"width: 1040px; height: 587px;\" data-original-width=\"1040\" data-original-height=\"587\" > <div class=\"tiled-gallery-item tiled-gallery-item-large\" itemprop=\"associatedMedia\" itemscope itemtype=\"http:\/\/schema.org\/ImageObject\"> <a href=\"https:\/\/spirit-of-football.de\/en\/2024\/06\/19\/future-ball-schnuppert-stadionumluft-in-stuttgart\/20240619_213230\/\" border=\"0\" itemprop=\"url\"> <meta itemprop=\"width\" content=\"1036\"> <meta itemprop=\"height\" content=\"583\"> <img decoding=\"async\" class=\"\" data-attachment-id=\"95175\" data-orig-file=\"https:\/\/spirit-of-football.de\/wp-content\/uploads\/sites\/12\/2024\/07\/20240619_213230-scaled.jpg\" data-orig-size=\"2560,1440\" data-comments-opened=\"1\" data-image-meta=\"{&quot;aperture&quot;:&quot;1.8&quot;,&quot;credit&quot;:&quot;&quot;,&quot;camera&quot;:&quot;SM-G996B&quot;,&quot;caption&quot;:&quot;&quot;,&quot;created_timestamp&quot;:&quot;1718832750&quot;,&quot;copyright&quot;:&quot;&quot;,&quot;focal_length&quot;:&quot;5.4&quot;,&quot;iso&quot;:&quot;250&quot;,&quot;shutter_speed&quot;:&quot;0.01&quot;,&quot;title&quot;:&quot;&quot;,&quot;orientation&quot;:&quot;1&quot;}\" data-image-title=\"20240619_213230\" data-image-description=\"\" data-medium-file=\"https:\/\/spirit-of-football.de\/wp-content\/uploads\/sites\/12\/2024\/07\/20240619_213230-300x169.jpg\" data-large-file=\"https:\/\/spirit-of-football.de\/wp-content\/uploads\/sites\/12\/2024\/07\/20240619_213230-1024x576.jpg\" src=\"https:\/\/spirit-of-football.de\/wp-content\/uploads\/sites\/12\/2024\/07\/20240619_213230-scaled.jpg\" srcset=\"https:\/\/spirit-of-football.de\/wp-content\/uploads\/sites\/12\/2024\/07\/20240619_213230-scaled.jpg 2560w, https:\/\/spirit-of-football.de\/wp-content\/uploads\/sites\/12\/2024\/07\/20240619_213230-18x10.jpg 18w, https:\/\/spirit-of-football.de\/wp-content\/uploads\/sites\/12\/2024\/07\/20240619_213230-1280x720.jpg 1280w, https:\/\/spirit-of-football.de\/wp-content\/uploads\/sites\/12\/2024\/07\/20240619_213230-553x311.jpg 553w, https:\/\/spirit-of-football.de\/wp-content\/uploads\/sites\/12\/2024\/07\/20240619_213230-640x360.jpg 640w, https:\/\/spirit-of-football.de\/wp-content\/uploads\/sites\/12\/2024\/07\/20240619_213230-618x348.jpg 618w, https:\/\/spirit-of-football.de\/wp-content\/uploads\/sites\/12\/2024\/07\/20240619_213230-240x135.jpg 240w, https:\/\/spirit-of-football.de\/wp-content\/uploads\/sites\/12\/2024\/07\/20240619_213230-980x551.jpg 980w, https:\/\/spirit-of-football.de\/wp-content\/uploads\/sites\/12\/2024\/07\/20240619_213230-300x169.jpg 300w, https:\/\/spirit-of-football.de\/wp-content\/uploads\/sites\/12\/2024\/07\/20240619_213230-768x432.jpg 768w, https:\/\/spirit-of-football.de\/wp-content\/uploads\/sites\/12\/2024\/07\/20240619_213230-1024x576.jpg 1024w, https:\/\/spirit-of-football.de\/wp-content\/uploads\/sites\/12\/2024\/07\/20240619_213230-1536x864.jpg 1536w, https:\/\/spirit-of-football.de\/wp-content\/uploads\/sites\/12\/2024\/07\/20240619_213230-2048x1152.jpg 2048w, https:\/\/spirit-of-football.de\/wp-content\/uploads\/sites\/12\/2024\/07\/20240619_213230-500x281.jpg 500w\" width=\"1036\" height=\"583\" loading=\"lazy\" data-original-width=\"1036\" data-original-height=\"583\" itemprop=\"http:\/\/schema.org\/image\" title=\"20240619_213230\" alt=\"20240619_213230\" style=\"width: 1036px; height: 583px;\" \/> <\/a> <\/div> <\/div> <!-- close group --> <\/div> <!-- close row --> <\/div>\n<h3>&#8222;Future Ball &#8211; Fu\u00dfball und Bildung F\u00fcr Nachhaltigkeit&#8220; Wird gef\u00f6rdert von:<\/h3>\n<p><img loading=\"lazy\" decoding=\"async\" data-attachment-id=\"90643\" data-permalink=\"https:\/\/spirit-of-football.de\/en\/2024\/03\/19\/gruen-weisses-klassenzimmer-x-spirit-of-football-eine-besondere-verbindung\/screenshot-2024-03-19-171257\/\" data-orig-file=\"https:\/\/spirit-of-football.de\/wp-content\/uploads\/sites\/12\/2024\/03\/Screenshot-2024-03-19-171257.png\" data-orig-size=\"986,284\" data-comments-opened=\"1\" data-image-meta=\"{&quot;aperture&quot;:&quot;0&quot;,&quot;credit&quot;:&quot;&quot;,&quot;camera&quot;:&quot;&quot;,&quot;caption&quot;:&quot;&quot;,&quot;created_timestamp&quot;:&quot;0&quot;,&quot;copyright&quot;:&quot;&quot;,&quot;focal_length&quot;:&quot;0&quot;,&quot;iso&quot;:&quot;0&quot;,&quot;shutter_speed&quot;:&quot;0&quot;,&quot;title&quot;:&quot;&quot;,&quot;orientation&quot;:&quot;0&quot;}\" data-image-title=\"Screenshot 2024-03-19 171257\" data-image-description=\"\" data-image-caption=\"\" data-large-file=\"https:\/\/spirit-of-football.de\/wp-content\/uploads\/sites\/12\/2024\/03\/Screenshot-2024-03-19-171257.png\" class=\"alignnone wp-image-90643\" src=\"https:\/\/spirit-of-football.de\/wp-content\/uploads\/sites\/12\/2024\/03\/Screenshot-2024-03-19-171257.png\" alt=\"\" width=\"361\" height=\"104\" srcset=\"https:\/\/spirit-of-football.de\/wp-content\/uploads\/sites\/12\/2024\/03\/Screenshot-2024-03-19-171257.png 986w, https:\/\/spirit-of-football.de\/wp-content\/uploads\/sites\/12\/2024\/03\/Screenshot-2024-03-19-171257-18x5.png 18w, https:\/\/spirit-of-football.de\/wp-content\/uploads\/sites\/12\/2024\/03\/Screenshot-2024-03-19-171257-553x159.png 553w, https:\/\/spirit-of-football.de\/wp-content\/uploads\/sites\/12\/2024\/03\/Screenshot-2024-03-19-171257-640x184.png 640w, https:\/\/spirit-of-football.de\/wp-content\/uploads\/sites\/12\/2024\/03\/Screenshot-2024-03-19-171257-618x178.png 618w, https:\/\/spirit-of-football.de\/wp-content\/uploads\/sites\/12\/2024\/03\/Screenshot-2024-03-19-171257-240x69.png 240w, https:\/\/spirit-of-football.de\/wp-content\/uploads\/sites\/12\/2024\/03\/Screenshot-2024-03-19-171257-980x284.png 980w, https:\/\/spirit-of-football.de\/wp-content\/uploads\/sites\/12\/2024\/03\/Screenshot-2024-03-19-171257-300x86.png 300w, https:\/\/spirit-of-football.de\/wp-content\/uploads\/sites\/12\/2024\/03\/Screenshot-2024-03-19-171257-768x221.png 768w, https:\/\/spirit-of-football.de\/wp-content\/uploads\/sites\/12\/2024\/03\/Screenshot-2024-03-19-171257-500x144.png 500w\" sizes=\"auto, (max-width: 361px) 100vw, 361px\" \/><img loading=\"lazy\" decoding=\"async\" data-attachment-id=\"89265\" data-permalink=\"https:\/\/spirit-of-football.de\/en\/2024\/02\/17\/vom-fussball-beruehrt-anstoss-der-stiftung-fussball-kultur-euro2024-future-ball-war-dabei\/uefa_claim_heimspiel_europa_2zeilig_schwarz_rgb_rz\/\" data-orig-file=\"https:\/\/spirit-of-football.de\/wp-content\/uploads\/sites\/12\/2024\/02\/UEFA_Claim_Heimspiel_Europa_2zeilig_schwarz_RGB_RZ.png\" data-orig-size=\"1314,488\" data-comments-opened=\"1\" data-image-meta=\"{&quot;aperture&quot;:&quot;0&quot;,&quot;credit&quot;:&quot;&quot;,&quot;camera&quot;:&quot;&quot;,&quot;caption&quot;:&quot;&quot;,&quot;created_timestamp&quot;:&quot;0&quot;,&quot;copyright&quot;:&quot;&quot;,&quot;focal_length&quot;:&quot;0&quot;,&quot;iso&quot;:&quot;0&quot;,&quot;shutter_speed&quot;:&quot;0&quot;,&quot;title&quot;:&quot;&quot;,&quot;orientation&quot;:&quot;0&quot;}\" data-image-title=\"UEFA_Claim_Heimspiel_Europa_2zeilig_schwarz_RGB_RZ\" data-image-description=\"\" data-image-caption=\"\" data-large-file=\"https:\/\/spirit-of-football.de\/wp-content\/uploads\/sites\/12\/2024\/02\/UEFA_Claim_Heimspiel_Europa_2zeilig_schwarz_RGB_RZ-1024x380.png\" class=\"alignnone size-medium wp-image-89265\" src=\"https:\/\/spirit-of-football.de\/wp-content\/uploads\/sites\/12\/2024\/02\/UEFA_Claim_Heimspiel_Europa_2zeilig_schwarz_RGB_RZ-300x111.png\" alt=\"\" width=\"300\" height=\"111\" srcset=\"https:\/\/spirit-of-football.de\/wp-content\/uploads\/sites\/12\/2024\/02\/UEFA_Claim_Heimspiel_Europa_2zeilig_schwarz_RGB_RZ-300x111.png 300w, https:\/\/spirit-of-football.de\/wp-content\/uploads\/sites\/12\/2024\/02\/UEFA_Claim_Heimspiel_Europa_2zeilig_schwarz_RGB_RZ-18x7.png 18w, https:\/\/spirit-of-football.de\/wp-content\/uploads\/sites\/12\/2024\/02\/UEFA_Claim_Heimspiel_Europa_2zeilig_schwarz_RGB_RZ-1280x475.png 1280w, https:\/\/spirit-of-football.de\/wp-content\/uploads\/sites\/12\/2024\/02\/UEFA_Claim_Heimspiel_Europa_2zeilig_schwarz_RGB_RZ-553x205.png 553w, https:\/\/spirit-of-football.de\/wp-content\/uploads\/sites\/12\/2024\/02\/UEFA_Claim_Heimspiel_Europa_2zeilig_schwarz_RGB_RZ-640x238.png 640w, https:\/\/spirit-of-football.de\/wp-content\/uploads\/sites\/12\/2024\/02\/UEFA_Claim_Heimspiel_Europa_2zeilig_schwarz_RGB_RZ-618x230.png 618w, https:\/\/spirit-of-football.de\/wp-content\/uploads\/sites\/12\/2024\/02\/UEFA_Claim_Heimspiel_Europa_2zeilig_schwarz_RGB_RZ-240x89.png 240w, https:\/\/spirit-of-football.de\/wp-content\/uploads\/sites\/12\/2024\/02\/UEFA_Claim_Heimspiel_Europa_2zeilig_schwarz_RGB_RZ-980x360.png 980w, https:\/\/spirit-of-football.de\/wp-content\/uploads\/sites\/12\/2024\/02\/UEFA_Claim_Heimspiel_Europa_2zeilig_schwarz_RGB_RZ-768x285.png 768w, https:\/\/spirit-of-football.de\/wp-content\/uploads\/sites\/12\/2024\/02\/UEFA_Claim_Heimspiel_Europa_2zeilig_schwarz_RGB_RZ-1024x380.png 1024w, https:\/\/spirit-of-football.de\/wp-content\/uploads\/sites\/12\/2024\/02\/UEFA_Claim_Heimspiel_Europa_2zeilig_schwarz_RGB_RZ-500x186.png 500w, https:\/\/spirit-of-football.de\/wp-content\/uploads\/sites\/12\/2024\/02\/UEFA_Claim_Heimspiel_Europa_2zeilig_schwarz_RGB_RZ.png 1314w\" sizes=\"auto, (max-width: 300px) 100vw, 300px\" \/><img loading=\"lazy\" decoding=\"async\" data-attachment-id=\"90644\" data-permalink=\"https:\/\/spirit-of-football.de\/en\/2024\/03\/19\/gruen-weisses-klassenzimmer-x-spirit-of-football-eine-besondere-verbindung\/uefa_foundation_logo_ger_cmyk_onlight\/\" data-orig-file=\"https:\/\/spirit-of-football.de\/wp-content\/uploads\/sites\/12\/2024\/03\/UEFA_Foundation_Logo_GER_CMYK_onLight.jpg\" data-orig-size=\"2011,1181\" data-comments-opened=\"1\" data-image-meta=\"{&quot;aperture&quot;:&quot;0&quot;,&quot;credit&quot;:&quot;&quot;,&quot;camera&quot;:&quot;&quot;,&quot;caption&quot;:&quot;&quot;,&quot;created_timestamp&quot;:&quot;0&quot;,&quot;copyright&quot;:&quot;&quot;,&quot;focal_length&quot;:&quot;0&quot;,&quot;iso&quot;:&quot;0&quot;,&quot;shutter_speed&quot;:&quot;0&quot;,&quot;title&quot;:&quot;&quot;,&quot;orientation&quot;:&quot;0&quot;}\" data-image-title=\"UEFA_Foundation_Logo_GER_CMYK_onLight\" data-image-description=\"\" data-image-caption=\"\" data-large-file=\"https:\/\/spirit-of-football.de\/wp-content\/uploads\/sites\/12\/2024\/03\/UEFA_Foundation_Logo_GER_CMYK_onLight-1024x601.jpg\" class=\"alignnone wp-image-90644\" src=\"https:\/\/spirit-of-football.de\/wp-content\/uploads\/sites\/12\/2024\/03\/UEFA_Foundation_Logo_GER_CMYK_onLight.jpg\" alt=\"\" width=\"168\" height=\"98\" srcset=\"https:\/\/spirit-of-football.de\/wp-content\/uploads\/sites\/12\/2024\/03\/UEFA_Foundation_Logo_GER_CMYK_onLight.jpg 2011w, https:\/\/spirit-of-football.de\/wp-content\/uploads\/sites\/12\/2024\/03\/UEFA_Foundation_Logo_GER_CMYK_onLight-18x12.jpg 18w, https:\/\/spirit-of-football.de\/wp-content\/uploads\/sites\/12\/2024\/03\/UEFA_Foundation_Logo_GER_CMYK_onLight-1226x720.jpg 1226w, https:\/\/spirit-of-football.de\/wp-content\/uploads\/sites\/12\/2024\/03\/UEFA_Foundation_Logo_GER_CMYK_onLight-545x320.jpg 545w, https:\/\/spirit-of-football.de\/wp-content\/uploads\/sites\/12\/2024\/03\/UEFA_Foundation_Logo_GER_CMYK_onLight-640x376.jpg 640w, https:\/\/spirit-of-football.de\/wp-content\/uploads\/sites\/12\/2024\/03\/UEFA_Foundation_Logo_GER_CMYK_onLight-618x363.jpg 618w, https:\/\/spirit-of-football.de\/wp-content\/uploads\/sites\/12\/2024\/03\/UEFA_Foundation_Logo_GER_CMYK_onLight-240x141.jpg 240w, https:\/\/spirit-of-football.de\/wp-content\/uploads\/sites\/12\/2024\/03\/UEFA_Foundation_Logo_GER_CMYK_onLight-980x576.jpg 980w, https:\/\/spirit-of-football.de\/wp-content\/uploads\/sites\/12\/2024\/03\/UEFA_Foundation_Logo_GER_CMYK_onLight-300x176.jpg 300w, https:\/\/spirit-of-football.de\/wp-content\/uploads\/sites\/12\/2024\/03\/UEFA_Foundation_Logo_GER_CMYK_onLight-768x451.jpg 768w, https:\/\/spirit-of-football.de\/wp-content\/uploads\/sites\/12\/2024\/03\/UEFA_Foundation_Logo_GER_CMYK_onLight-1024x601.jpg 1024w, https:\/\/spirit-of-football.de\/wp-content\/uploads\/sites\/12\/2024\/03\/UEFA_Foundation_Logo_GER_CMYK_onLight-1536x902.jpg 1536w, https:\/\/spirit-of-football.de\/wp-content\/uploads\/sites\/12\/2024\/03\/UEFA_Foundation_Logo_GER_CMYK_onLight-500x294.jpg 500w\" sizes=\"auto, (max-width: 168px) 100vw, 168px\" \/><\/p>","protected":false},"excerpt":{"rendered":"<p>Nach einem aufregenden Tag in Rottenburg im Begegnungsgarten schauten wir noch gemeinsam das Abendspiel der EM und am n\u00e4chsten Morgen ging es auch schon los Richtung Stuttgart. W\u00e4hrend dort im Stuttgarter Stadion Deutschland gegen Ungarn spielte, schauten wir das Spiel&#8230; <a class=\"read-more\" href=\"https:\/\/spirit-of-football.de\/en\/2024\/06\/19\/future-ball-schnuppert-stadionumluft-in-stuttgart\/\">[Read more]<\/a><\/p>\n","protected":false},"author":242,"featured_media":95175,"comment_status":"open","ping_status":"open","sticky":false,"template":"","format":"standard","meta":{"_acf_changed":false,"_jetpack_memberships_contains_paid_content":false,"footnotes":""},"categories":[1770],"tags":[],"class_list":["post-95173","post","type-post","status-publish","format-standard","has-post-thumbnail","hentry","category-future-ball-de"],"acf":[],"jetpack_featured_media_url":"https:\/\/spirit-of-football.de\/wp-content\/uploads\/sites\/12\/2024\/07\/20240619_213230-scaled.jpg","jetpack_sharing_enabled":true,"_links":{"self":[{"href":"https:\/\/spirit-of-football.de\/en\/wp-json\/wp\/v2\/posts\/95173","targetHints":{"allow":["GET"]}}],"collection":[{"href":"https:\/\/spirit-of-football.de\/en\/wp-json\/wp\/v2\/posts"}],"about":[{"href":"https:\/\/spirit-of-football.de\/en\/wp-json\/wp\/v2\/types\/post"}],"author":[{"embeddable":true,"href":"https:\/\/spirit-of-football.de\/en\/wp-json\/wp\/v2\/users\/242"}],"replies":[{"embeddable":true,"href":"https:\/\/spirit-of-football.de\/en\/wp-json\/wp\/v2\/comments?post=95173"}],"version-history":[{"count":6,"href":"https:\/\/spirit-of-football.de\/en\/wp-json\/wp\/v2\/posts\/95173\/revisions"}],"predecessor-version":[{"id":95569,"href":"https:\/\/spirit-of-football.de\/en\/wp-json\/wp\/v2\/posts\/95173\/revisions\/95569"}],"wp:featuredmedia":[{"embeddable":true,"href":"https:\/\/spirit-of-football.de\/en\/wp-json\/wp\/v2\/media\/95175"}],"wp:attachment":[{"href":"https:\/\/spirit-of-football.de\/en\/wp-json\/wp\/v2\/media?parent=95173"}],"wp:term":[{"taxonomy":"category","embeddable":true,"href":"https:\/\/spirit-of-football.de\/en\/wp-json\/wp\/v2\/categories?post=95173"},{"taxonomy":"post_tag","embeddable":true,"href":"https:\/\/spirit-of-football.de\/en\/wp-json\/wp\/v2\/tags?post=95173"}],"curies":[{"name":"wp","href":"https:\/\/api.w.org\/{rel}","templated":true}]}}