{"id":9490,"date":"2018-09-28T11:39:15","date_gmt":"2018-09-28T09:39:15","guid":{"rendered":"https:\/\/spirit-of-football.de\/?p=9490"},"modified":"2018-09-28T15:56:46","modified_gmt":"2018-09-28T13:56:46","slug":"verleihung-des-europaeischen-buergerpreis-2018","status":"publish","type":"post","link":"https:\/\/spirit-of-football.de\/en\/2018\/09\/28\/verleihung-des-europaeischen-buergerpreis-2018\/","title":{"rendered":"Verleihung des Europ\u00e4ischen B\u00fcrgerpreis 2018"},"content":{"rendered":"<p><strong>Berlin. Am Montag, den 24. September 2018 wurden die vier deutschen Preis-Tr\u00e4gerinnen und Preistr\u00e4ger des Europ\u00e4ischen B\u00fcrgerpreises 2018 im Europ\u00e4ischen Haus in Berlin ausgezeichnet. Unter den 50 Bewerbungen wurden wir zusammen mit drei weiteren Gewinnern ausgew\u00e4hlt. Die EU ehrt mit dieser Auszeichnung das Engagement f\u00fcr eine weltoffene Gesellschaft, die f\u00fcr Toleranz, Respekt und europ\u00e4ischer Verst\u00e4ndigung einsteht.<\/strong><\/p>\n<div class=\"tiled-gallery type-rectangular tiled-gallery-unresized\" data-original-width=\"1040\" data-carousel-extra='{&quot;blog_id&quot;:12,&quot;permalink&quot;:&quot;https:\\\/\\\/spirit-of-football.de\\\/en\\\/2018\\\/09\\\/28\\\/verleihung-des-europaeischen-buergerpreis-2018\\\/&quot;,&quot;likes_blog_id&quot;:false}' itemscope itemtype=\"http:\/\/schema.org\/ImageGallery\" > <div class=\"gallery-row\" style=\"width: 1040px; height: 226px;\" data-original-width=\"1040\" data-original-height=\"226\" > <div class=\"gallery-group images-1\" style=\"width: 367px; height: 226px;\" data-original-width=\"367\" data-original-height=\"226\" > <div class=\"tiled-gallery-item tiled-gallery-item-large\" itemprop=\"associatedMedia\" itemscope itemtype=\"http:\/\/schema.org\/ImageObject\"> <a href=\"https:\/\/spirit-of-football.de\/en\/2018\/09\/28\/verleihung-des-europaeischen-buergerpreis-2018\/europaeischer-buergerpreis-2018\/\" border=\"0\" itemprop=\"url\"> <meta itemprop=\"width\" content=\"363\"> <meta itemprop=\"height\" content=\"222\"> <img decoding=\"async\" class=\"\" data-attachment-id=\"9498\" data-orig-file=\"https:\/\/spirit-of-football.de\/wp-content\/uploads\/sites\/12\/2018\/09\/Buergerpreis-2018-Alle-Preistraeger-2-c-Christian-Thiel.jpg\" data-orig-size=\"1280,782\" data-comments-opened=\"1\" data-image-meta=\"{&quot;aperture&quot;:&quot;4&quot;,&quot;credit&quot;:&quot;Christian Thiel&quot;,&quot;camera&quot;:&quot;Canon EOS 5D Mark III&quot;,&quot;caption&quot;:&quot;Deutschland, Berlin, Europ\\u00e4isches Haus Berlin, Verleihung des Europ\\u00e4ischen B\\u00fcrgerpreises 2018, 24.09.2018\\rFoto: Christian Thiel, ( email: mail@cthiel.com, mobil: +49(0)177-4815403, Nutzung nur mit Honorar, Belegexemplar, Namensnennung \\rno modelrelease )&quot;,&quot;created_timestamp&quot;:&quot;1537795917&quot;,&quot;copyright&quot;:&quot;Christian Thiel&quot;,&quot;focal_length&quot;:&quot;25&quot;,&quot;iso&quot;:&quot;1000&quot;,&quot;shutter_speed&quot;:&quot;0.016666666666667&quot;,&quot;title&quot;:&quot;Europ\\u00e4ischer B\\u00fcrgerpreis 2018&quot;,&quot;orientation&quot;:&quot;0&quot;}\" data-image-title=\"Europ\u00e4ischer B\u00fcrgerpreis 2018\" data-image-description=\"\" data-medium-file=\"https:\/\/spirit-of-football.de\/wp-content\/uploads\/sites\/12\/2018\/09\/Buergerpreis-2018-Alle-Preistraeger-2-c-Christian-Thiel-300x183.jpg\" data-large-file=\"https:\/\/spirit-of-football.de\/wp-content\/uploads\/sites\/12\/2018\/09\/Buergerpreis-2018-Alle-Preistraeger-2-c-Christian-Thiel-1024x626.jpg\" src=\"https:\/\/spirit-of-football.de\/wp-content\/uploads\/sites\/12\/2018\/09\/Buergerpreis-2018-Alle-Preistraeger-2-c-Christian-Thiel.jpg\" srcset=\"https:\/\/spirit-of-football.de\/wp-content\/uploads\/sites\/12\/2018\/09\/Buergerpreis-2018-Alle-Preistraeger-2-c-Christian-Thiel.jpg 1280w, https:\/\/spirit-of-football.de\/wp-content\/uploads\/sites\/12\/2018\/09\/Buergerpreis-2018-Alle-Preistraeger-2-c-Christian-Thiel-18x12.jpg 18w, https:\/\/spirit-of-football.de\/wp-content\/uploads\/sites\/12\/2018\/09\/Buergerpreis-2018-Alle-Preistraeger-2-c-Christian-Thiel-1179x720.jpg 1179w, https:\/\/spirit-of-football.de\/wp-content\/uploads\/sites\/12\/2018\/09\/Buergerpreis-2018-Alle-Preistraeger-2-c-Christian-Thiel-524x320.jpg 524w, https:\/\/spirit-of-football.de\/wp-content\/uploads\/sites\/12\/2018\/09\/Buergerpreis-2018-Alle-Preistraeger-2-c-Christian-Thiel-640x391.jpg 640w, https:\/\/spirit-of-football.de\/wp-content\/uploads\/sites\/12\/2018\/09\/Buergerpreis-2018-Alle-Preistraeger-2-c-Christian-Thiel-618x378.jpg 618w, https:\/\/spirit-of-football.de\/wp-content\/uploads\/sites\/12\/2018\/09\/Buergerpreis-2018-Alle-Preistraeger-2-c-Christian-Thiel-240x147.jpg 240w, https:\/\/spirit-of-football.de\/wp-content\/uploads\/sites\/12\/2018\/09\/Buergerpreis-2018-Alle-Preistraeger-2-c-Christian-Thiel-980x599.jpg 980w, https:\/\/spirit-of-football.de\/wp-content\/uploads\/sites\/12\/2018\/09\/Buergerpreis-2018-Alle-Preistraeger-2-c-Christian-Thiel-300x183.jpg 300w, https:\/\/spirit-of-football.de\/wp-content\/uploads\/sites\/12\/2018\/09\/Buergerpreis-2018-Alle-Preistraeger-2-c-Christian-Thiel-768x469.jpg 768w, https:\/\/spirit-of-football.de\/wp-content\/uploads\/sites\/12\/2018\/09\/Buergerpreis-2018-Alle-Preistraeger-2-c-Christian-Thiel-1024x626.jpg 1024w, https:\/\/spirit-of-football.de\/wp-content\/uploads\/sites\/12\/2018\/09\/Buergerpreis-2018-Alle-Preistraeger-2-c-Christian-Thiel-491x300.jpg 491w\" width=\"363\" height=\"222\" loading=\"lazy\" data-original-width=\"363\" data-original-height=\"222\" itemprop=\"http:\/\/schema.org\/image\" title=\"European Citizens Prize 2018\" alt=\"Alle Preistr\u00e4ger. Foto: Christian Thiel\" style=\"width: 363px; height: 222px;\" \/> <\/a> <div class=\"tiled-gallery-caption\" itemprop=\"caption description\"> Alle Preistr\u00e4ger. Foto: Christian Thiel <\/div> <\/div> <\/div> <!-- close group --> <div class=\"gallery-group images-1\" style=\"width: 337px; height: 226px;\" data-original-width=\"337\" data-original-height=\"226\" > <div class=\"tiled-gallery-item tiled-gallery-item-large\" itemprop=\"associatedMedia\" itemscope itemtype=\"http:\/\/schema.org\/ImageObject\"> <a href=\"https:\/\/spirit-of-football.de\/en\/2018\/09\/28\/verleihung-des-europaeischen-buergerpreis-2018\/europaeischer-buergerpreis-2018-2\/\" border=\"0\" itemprop=\"url\"> <meta itemprop=\"width\" content=\"333\"> <meta itemprop=\"height\" content=\"222\"> <img decoding=\"async\" class=\"\" data-attachment-id=\"9499\" data-orig-file=\"https:\/\/spirit-of-football.de\/wp-content\/uploads\/sites\/12\/2018\/09\/Buergerpreis-2018-Medaillen-c-Christian-Thiel.jpg\" data-orig-size=\"1280,853\" data-comments-opened=\"1\" data-image-meta=\"{&quot;aperture&quot;:&quot;6.3&quot;,&quot;credit&quot;:&quot;Christian Thiel&quot;,&quot;camera&quot;:&quot;Canon EOS 5D Mark III&quot;,&quot;caption&quot;:&quot;Deutschland, Berlin, Europ\\u00e4isches Haus Berlin, Verleihung des Europ\\u00e4ischen B\\u00fcrgerpreises 2018, 24.09.2018\\rFoto: Christian Thiel, ( email: mail@cthiel.com, mobil: +49(0)177-4815403, Nutzung nur mit Honorar, Belegexemplar, Namensnennung \\rno modelrelease )&quot;,&quot;created_timestamp&quot;:&quot;1537789361&quot;,&quot;copyright&quot;:&quot;Christian Thiel&quot;,&quot;focal_length&quot;:&quot;57&quot;,&quot;iso&quot;:&quot;1000&quot;,&quot;shutter_speed&quot;:&quot;0.005&quot;,&quot;title&quot;:&quot;Europ\\u00e4ischer B\\u00fcrgerpreis 2018&quot;,&quot;orientation&quot;:&quot;0&quot;}\" data-image-title=\"Europ\u00e4ischer B\u00fcrgerpreis 2018\" data-image-description=\"\" data-medium-file=\"https:\/\/spirit-of-football.de\/wp-content\/uploads\/sites\/12\/2018\/09\/Buergerpreis-2018-Medaillen-c-Christian-Thiel-300x200.jpg\" data-large-file=\"https:\/\/spirit-of-football.de\/wp-content\/uploads\/sites\/12\/2018\/09\/Buergerpreis-2018-Medaillen-c-Christian-Thiel-1024x682.jpg\" src=\"https:\/\/spirit-of-football.de\/wp-content\/uploads\/sites\/12\/2018\/09\/Buergerpreis-2018-Medaillen-c-Christian-Thiel.jpg\" srcset=\"https:\/\/spirit-of-football.de\/wp-content\/uploads\/sites\/12\/2018\/09\/Buergerpreis-2018-Medaillen-c-Christian-Thiel.jpg 1280w, https:\/\/spirit-of-football.de\/wp-content\/uploads\/sites\/12\/2018\/09\/Buergerpreis-2018-Medaillen-c-Christian-Thiel-18x12.jpg 18w, https:\/\/spirit-of-football.de\/wp-content\/uploads\/sites\/12\/2018\/09\/Buergerpreis-2018-Medaillen-c-Christian-Thiel-1080x720.jpg 1080w, https:\/\/spirit-of-football.de\/wp-content\/uploads\/sites\/12\/2018\/09\/Buergerpreis-2018-Medaillen-c-Christian-Thiel-480x320.jpg 480w, https:\/\/spirit-of-football.de\/wp-content\/uploads\/sites\/12\/2018\/09\/Buergerpreis-2018-Medaillen-c-Christian-Thiel-640x427.jpg 640w, https:\/\/spirit-of-football.de\/wp-content\/uploads\/sites\/12\/2018\/09\/Buergerpreis-2018-Medaillen-c-Christian-Thiel-618x412.jpg 618w, https:\/\/spirit-of-football.de\/wp-content\/uploads\/sites\/12\/2018\/09\/Buergerpreis-2018-Medaillen-c-Christian-Thiel-240x160.jpg 240w, https:\/\/spirit-of-football.de\/wp-content\/uploads\/sites\/12\/2018\/09\/Buergerpreis-2018-Medaillen-c-Christian-Thiel-980x653.jpg 980w, https:\/\/spirit-of-football.de\/wp-content\/uploads\/sites\/12\/2018\/09\/Buergerpreis-2018-Medaillen-c-Christian-Thiel-300x200.jpg 300w, https:\/\/spirit-of-football.de\/wp-content\/uploads\/sites\/12\/2018\/09\/Buergerpreis-2018-Medaillen-c-Christian-Thiel-768x512.jpg 768w, https:\/\/spirit-of-football.de\/wp-content\/uploads\/sites\/12\/2018\/09\/Buergerpreis-2018-Medaillen-c-Christian-Thiel-1024x682.jpg 1024w, https:\/\/spirit-of-football.de\/wp-content\/uploads\/sites\/12\/2018\/09\/Buergerpreis-2018-Medaillen-c-Christian-Thiel-450x300.jpg 450w\" width=\"333\" height=\"222\" loading=\"lazy\" data-original-width=\"333\" data-original-height=\"222\" itemprop=\"http:\/\/schema.org\/image\" title=\"European Citizens Prize 2018\" alt=\"Die Medaillien. Foto: Christian Thiel\" style=\"width: 333px; height: 222px;\" \/> <\/a> <div class=\"tiled-gallery-caption\" itemprop=\"caption description\"> Die Medaillien. Foto: Christian Thiel <\/div> <\/div> <\/div> <!-- close group --> <div class=\"gallery-group images-1\" style=\"width: 336px; height: 226px;\" data-original-width=\"336\" data-original-height=\"226\" > <div class=\"tiled-gallery-item tiled-gallery-item-large\" itemprop=\"associatedMedia\" itemscope itemtype=\"http:\/\/schema.org\/ImageObject\"> <a href=\"https:\/\/spirit-of-football.de\/en\/2018\/09\/28\/verleihung-des-europaeischen-buergerpreis-2018\/europaeischer-buergerpreis-2018-3\/\" border=\"0\" itemprop=\"url\"> <meta itemprop=\"width\" content=\"332\"> <meta itemprop=\"height\" content=\"222\"> <img decoding=\"async\" class=\"\" data-attachment-id=\"9500\" data-orig-file=\"https:\/\/spirit-of-football.de\/wp-content\/uploads\/sites\/12\/2018\/09\/Buergerpreis-2018-Musiker-c-Christian-Thiel.jpg\" data-orig-size=\"1280,853\" data-comments-opened=\"1\" data-image-meta=\"{&quot;aperture&quot;:&quot;5.6&quot;,&quot;credit&quot;:&quot;Christian Thiel&quot;,&quot;camera&quot;:&quot;Canon EOS 5D Mark III&quot;,&quot;caption&quot;:&quot;Deutschland, Berlin, Europ\\u00e4isches Haus Berlin, Verleihung des Europ\\u00e4ischen B\\u00fcrgerpreises 2018, 24.09.2018\\rFoto: Christian Thiel, ( email: mail@cthiel.com, mobil: +49(0)177-4815403, Nutzung nur mit Honorar, Belegexemplar, Namensnennung \\rno modelrelease )&quot;,&quot;created_timestamp&quot;:&quot;1537790534&quot;,&quot;copyright&quot;:&quot;Christian Thiel&quot;,&quot;focal_length&quot;:&quot;24&quot;,&quot;iso&quot;:&quot;1000&quot;,&quot;shutter_speed&quot;:&quot;0.0125&quot;,&quot;title&quot;:&quot;Europ\\u00e4ischer B\\u00fcrgerpreis 2018&quot;,&quot;orientation&quot;:&quot;0&quot;}\" data-image-title=\"Europ\u00e4ischer B\u00fcrgerpreis 2018\" data-image-description=\"\" data-medium-file=\"https:\/\/spirit-of-football.de\/wp-content\/uploads\/sites\/12\/2018\/09\/Buergerpreis-2018-Musiker-c-Christian-Thiel-300x200.jpg\" data-large-file=\"https:\/\/spirit-of-football.de\/wp-content\/uploads\/sites\/12\/2018\/09\/Buergerpreis-2018-Musiker-c-Christian-Thiel-1024x682.jpg\" src=\"https:\/\/spirit-of-football.de\/wp-content\/uploads\/sites\/12\/2018\/09\/Buergerpreis-2018-Musiker-c-Christian-Thiel.jpg\" srcset=\"https:\/\/spirit-of-football.de\/wp-content\/uploads\/sites\/12\/2018\/09\/Buergerpreis-2018-Musiker-c-Christian-Thiel.jpg 1280w, https:\/\/spirit-of-football.de\/wp-content\/uploads\/sites\/12\/2018\/09\/Buergerpreis-2018-Musiker-c-Christian-Thiel-18x12.jpg 18w, https:\/\/spirit-of-football.de\/wp-content\/uploads\/sites\/12\/2018\/09\/Buergerpreis-2018-Musiker-c-Christian-Thiel-1080x720.jpg 1080w, https:\/\/spirit-of-football.de\/wp-content\/uploads\/sites\/12\/2018\/09\/Buergerpreis-2018-Musiker-c-Christian-Thiel-480x320.jpg 480w, https:\/\/spirit-of-football.de\/wp-content\/uploads\/sites\/12\/2018\/09\/Buergerpreis-2018-Musiker-c-Christian-Thiel-640x427.jpg 640w, https:\/\/spirit-of-football.de\/wp-content\/uploads\/sites\/12\/2018\/09\/Buergerpreis-2018-Musiker-c-Christian-Thiel-618x412.jpg 618w, https:\/\/spirit-of-football.de\/wp-content\/uploads\/sites\/12\/2018\/09\/Buergerpreis-2018-Musiker-c-Christian-Thiel-240x160.jpg 240w, https:\/\/spirit-of-football.de\/wp-content\/uploads\/sites\/12\/2018\/09\/Buergerpreis-2018-Musiker-c-Christian-Thiel-980x653.jpg 980w, https:\/\/spirit-of-football.de\/wp-content\/uploads\/sites\/12\/2018\/09\/Buergerpreis-2018-Musiker-c-Christian-Thiel-300x200.jpg 300w, https:\/\/spirit-of-football.de\/wp-content\/uploads\/sites\/12\/2018\/09\/Buergerpreis-2018-Musiker-c-Christian-Thiel-768x512.jpg 768w, https:\/\/spirit-of-football.de\/wp-content\/uploads\/sites\/12\/2018\/09\/Buergerpreis-2018-Musiker-c-Christian-Thiel-1024x682.jpg 1024w, https:\/\/spirit-of-football.de\/wp-content\/uploads\/sites\/12\/2018\/09\/Buergerpreis-2018-Musiker-c-Christian-Thiel-450x300.jpg 450w\" width=\"332\" height=\"222\" loading=\"lazy\" data-original-width=\"332\" data-original-height=\"222\" itemprop=\"http:\/\/schema.org\/image\" title=\"European Citizens Prize 2018\" alt=\"Die Veranstaltung wurde musikalisch begleitet. Foto: Christian Thiel\" style=\"width: 332px; height: 222px;\" \/> <\/a> <div class=\"tiled-gallery-caption\" itemprop=\"caption description\"> Die Veranstaltung wurde musikalisch begleitet. Foto: Christian Thiel <\/div> <\/div> <\/div> <!-- close group --> <\/div> <!-- close row --> <\/div>\n<p>&nbsp;<\/p>\n<p>Mit dem B\u00fcrgerpreis werden Projekte ausgezeichnet, die f\u00fcr ein gemeinsames Europa der Solidarit\u00e4t k\u00e4mpfen. Vereinspr\u00e4sident Andrew Aris, der den Preis entgegennahm, freute sich \u00fcber die Auszeichnung, gab aber gleichzeitig zu bedenken: \u201eIn gef\u00e4hrlichen Zeiten wie jetzt, in denen ein Rechtsruck durch europ\u00e4ische Mitgliedsl\u00e4nder geht, sind die Werte auf denen die EU nach zwei katastrophalen Weltkriegen gegr\u00fcndet wurde, in Gefahr. Wir wollen den Gedanken von wertsch\u00e4tzenden Vielfalt bereits so fr\u00fch wie m\u00f6glich in die Schulen und Gemeinden tragen.\u201c<\/p>\n<div class=\"tiled-gallery type-rectangular tiled-gallery-unresized\" data-original-width=\"1040\" data-carousel-extra='{&quot;blog_id&quot;:12,&quot;permalink&quot;:&quot;https:\\\/\\\/spirit-of-football.de\\\/en\\\/2018\\\/09\\\/28\\\/verleihung-des-europaeischen-buergerpreis-2018\\\/&quot;,&quot;likes_blog_id&quot;:false}' itemscope itemtype=\"http:\/\/schema.org\/ImageGallery\" > <div class=\"gallery-row\" style=\"width: 1040px; height: 348px;\" data-original-width=\"1040\" data-original-height=\"348\" > <div class=\"gallery-group images-1\" style=\"width: 520px; height: 348px;\" data-original-width=\"520\" data-original-height=\"348\" > <div class=\"tiled-gallery-item tiled-gallery-item-large\" itemprop=\"associatedMedia\" itemscope itemtype=\"http:\/\/schema.org\/ImageObject\"> <a href=\"https:\/\/spirit-of-football.de\/en\/2018\/09\/28\/verleihung-des-europaeischen-buergerpreis-2018\/europaeischer-buergerpreis-2018-4\/\" border=\"0\" itemprop=\"url\"> <meta itemprop=\"width\" content=\"516\"> <meta itemprop=\"height\" content=\"344\"> <img decoding=\"async\" class=\"\" data-attachment-id=\"9501\" data-orig-file=\"https:\/\/spirit-of-football.de\/wp-content\/uploads\/sites\/12\/2018\/09\/Buergerpreis-2018-Spirit-of-Football-4-c-Christian-Thiel.jpg\" data-orig-size=\"1280,853\" data-comments-opened=\"1\" data-image-meta=\"{&quot;aperture&quot;:&quot;3.5&quot;,&quot;credit&quot;:&quot;Christian Thiel&quot;,&quot;camera&quot;:&quot;Canon EOS 5D Mark III&quot;,&quot;caption&quot;:&quot;Deutschland, Berlin, Europ\\u00e4isches Haus Berlin, Verleihung des Europ\\u00e4ischen B\\u00fcrgerpreises 2018, 24.09.2018\\rFoto: Christian Thiel, ( email: mail@cthiel.com, mobil: +49(0)177-4815403, Nutzung nur mit Honorar, Belegexemplar, Namensnennung \\rno modelrelease )&quot;,&quot;created_timestamp&quot;:&quot;1537791874&quot;,&quot;copyright&quot;:&quot;Christian Thiel&quot;,&quot;focal_length&quot;:&quot;125&quot;,&quot;iso&quot;:&quot;1600&quot;,&quot;shutter_speed&quot;:&quot;0.00625&quot;,&quot;title&quot;:&quot;Europ\\u00e4ischer B\\u00fcrgerpreis 2018&quot;,&quot;orientation&quot;:&quot;0&quot;}\" data-image-title=\"Europ\u00e4ischer B\u00fcrgerpreis 2018\" data-image-description=\"\" data-medium-file=\"https:\/\/spirit-of-football.de\/wp-content\/uploads\/sites\/12\/2018\/09\/Buergerpreis-2018-Spirit-of-Football-4-c-Christian-Thiel-300x200.jpg\" data-large-file=\"https:\/\/spirit-of-football.de\/wp-content\/uploads\/sites\/12\/2018\/09\/Buergerpreis-2018-Spirit-of-Football-4-c-Christian-Thiel-1024x682.jpg\" src=\"https:\/\/spirit-of-football.de\/wp-content\/uploads\/sites\/12\/2018\/09\/Buergerpreis-2018-Spirit-of-Football-4-c-Christian-Thiel.jpg\" srcset=\"https:\/\/spirit-of-football.de\/wp-content\/uploads\/sites\/12\/2018\/09\/Buergerpreis-2018-Spirit-of-Football-4-c-Christian-Thiel.jpg 1280w, https:\/\/spirit-of-football.de\/wp-content\/uploads\/sites\/12\/2018\/09\/Buergerpreis-2018-Spirit-of-Football-4-c-Christian-Thiel-18x12.jpg 18w, https:\/\/spirit-of-football.de\/wp-content\/uploads\/sites\/12\/2018\/09\/Buergerpreis-2018-Spirit-of-Football-4-c-Christian-Thiel-1080x720.jpg 1080w, https:\/\/spirit-of-football.de\/wp-content\/uploads\/sites\/12\/2018\/09\/Buergerpreis-2018-Spirit-of-Football-4-c-Christian-Thiel-480x320.jpg 480w, https:\/\/spirit-of-football.de\/wp-content\/uploads\/sites\/12\/2018\/09\/Buergerpreis-2018-Spirit-of-Football-4-c-Christian-Thiel-640x427.jpg 640w, https:\/\/spirit-of-football.de\/wp-content\/uploads\/sites\/12\/2018\/09\/Buergerpreis-2018-Spirit-of-Football-4-c-Christian-Thiel-618x412.jpg 618w, https:\/\/spirit-of-football.de\/wp-content\/uploads\/sites\/12\/2018\/09\/Buergerpreis-2018-Spirit-of-Football-4-c-Christian-Thiel-240x160.jpg 240w, https:\/\/spirit-of-football.de\/wp-content\/uploads\/sites\/12\/2018\/09\/Buergerpreis-2018-Spirit-of-Football-4-c-Christian-Thiel-980x653.jpg 980w, https:\/\/spirit-of-football.de\/wp-content\/uploads\/sites\/12\/2018\/09\/Buergerpreis-2018-Spirit-of-Football-4-c-Christian-Thiel-300x200.jpg 300w, https:\/\/spirit-of-football.de\/wp-content\/uploads\/sites\/12\/2018\/09\/Buergerpreis-2018-Spirit-of-Football-4-c-Christian-Thiel-768x512.jpg 768w, https:\/\/spirit-of-football.de\/wp-content\/uploads\/sites\/12\/2018\/09\/Buergerpreis-2018-Spirit-of-Football-4-c-Christian-Thiel-1024x682.jpg 1024w, https:\/\/spirit-of-football.de\/wp-content\/uploads\/sites\/12\/2018\/09\/Buergerpreis-2018-Spirit-of-Football-4-c-Christian-Thiel-450x300.jpg 450w\" width=\"516\" height=\"344\" loading=\"lazy\" data-original-width=\"516\" data-original-height=\"344\" itemprop=\"http:\/\/schema.org\/image\" title=\"European Citizens Prize 2018\" alt=\"Sven und Andrew bei der Dankesrede. Foto: Christian Thiel\" style=\"width: 516px; height: 344px;\" \/> <\/a> <div class=\"tiled-gallery-caption\" itemprop=\"caption description\"> Sven und Andrew bei der Dankesrede. Foto: Christian Thiel <\/div> <\/div> <\/div> <!-- close group --> <div class=\"gallery-group images-1\" style=\"width: 520px; height: 348px;\" data-original-width=\"520\" data-original-height=\"348\" > <div class=\"tiled-gallery-item tiled-gallery-item-large\" itemprop=\"associatedMedia\" itemscope itemtype=\"http:\/\/schema.org\/ImageObject\"> <a href=\"https:\/\/spirit-of-football.de\/en\/2018\/09\/28\/verleihung-des-europaeischen-buergerpreis-2018\/europaeischer-buergerpreis-2018-5\/\" border=\"0\" itemprop=\"url\"> <meta itemprop=\"width\" content=\"516\"> <meta itemprop=\"height\" content=\"344\"> <img decoding=\"async\" class=\"\" data-attachment-id=\"9502\" data-orig-file=\"https:\/\/spirit-of-football.de\/wp-content\/uploads\/sites\/12\/2018\/09\/Buergerpreis-2018-Spirit-of-Football-5-c-Christian-Thiel.jpg\" data-orig-size=\"1280,853\" data-comments-opened=\"1\" data-image-meta=\"{&quot;aperture&quot;:&quot;3.5&quot;,&quot;credit&quot;:&quot;Christian Thiel&quot;,&quot;camera&quot;:&quot;Canon EOS 5D Mark III&quot;,&quot;caption&quot;:&quot;Deutschland, Berlin, Europ\\u00e4isches Haus Berlin, Verleihung des Europ\\u00e4ischen B\\u00fcrgerpreises 2018, 24.09.2018\\rFoto: Christian Thiel, ( email: mail@cthiel.com, mobil: +49(0)177-4815403, Nutzung nur mit Honorar, Belegexemplar, Namensnennung \\rno modelrelease )&quot;,&quot;created_timestamp&quot;:&quot;1537792012&quot;,&quot;copyright&quot;:&quot;Christian Thiel&quot;,&quot;focal_length&quot;:&quot;150&quot;,&quot;iso&quot;:&quot;1600&quot;,&quot;shutter_speed&quot;:&quot;0.005&quot;,&quot;title&quot;:&quot;Europ\\u00e4ischer B\\u00fcrgerpreis 2018&quot;,&quot;orientation&quot;:&quot;0&quot;}\" data-image-title=\"Europ\u00e4ischer B\u00fcrgerpreis 2018\" data-image-description=\"\" data-medium-file=\"https:\/\/spirit-of-football.de\/wp-content\/uploads\/sites\/12\/2018\/09\/Buergerpreis-2018-Spirit-of-Football-5-c-Christian-Thiel-300x200.jpg\" data-large-file=\"https:\/\/spirit-of-football.de\/wp-content\/uploads\/sites\/12\/2018\/09\/Buergerpreis-2018-Spirit-of-Football-5-c-Christian-Thiel-1024x682.jpg\" src=\"https:\/\/spirit-of-football.de\/wp-content\/uploads\/sites\/12\/2018\/09\/Buergerpreis-2018-Spirit-of-Football-5-c-Christian-Thiel.jpg\" srcset=\"https:\/\/spirit-of-football.de\/wp-content\/uploads\/sites\/12\/2018\/09\/Buergerpreis-2018-Spirit-of-Football-5-c-Christian-Thiel.jpg 1280w, https:\/\/spirit-of-football.de\/wp-content\/uploads\/sites\/12\/2018\/09\/Buergerpreis-2018-Spirit-of-Football-5-c-Christian-Thiel-18x12.jpg 18w, https:\/\/spirit-of-football.de\/wp-content\/uploads\/sites\/12\/2018\/09\/Buergerpreis-2018-Spirit-of-Football-5-c-Christian-Thiel-1080x720.jpg 1080w, https:\/\/spirit-of-football.de\/wp-content\/uploads\/sites\/12\/2018\/09\/Buergerpreis-2018-Spirit-of-Football-5-c-Christian-Thiel-480x320.jpg 480w, https:\/\/spirit-of-football.de\/wp-content\/uploads\/sites\/12\/2018\/09\/Buergerpreis-2018-Spirit-of-Football-5-c-Christian-Thiel-640x427.jpg 640w, https:\/\/spirit-of-football.de\/wp-content\/uploads\/sites\/12\/2018\/09\/Buergerpreis-2018-Spirit-of-Football-5-c-Christian-Thiel-618x412.jpg 618w, https:\/\/spirit-of-football.de\/wp-content\/uploads\/sites\/12\/2018\/09\/Buergerpreis-2018-Spirit-of-Football-5-c-Christian-Thiel-240x160.jpg 240w, https:\/\/spirit-of-football.de\/wp-content\/uploads\/sites\/12\/2018\/09\/Buergerpreis-2018-Spirit-of-Football-5-c-Christian-Thiel-980x653.jpg 980w, https:\/\/spirit-of-football.de\/wp-content\/uploads\/sites\/12\/2018\/09\/Buergerpreis-2018-Spirit-of-Football-5-c-Christian-Thiel-300x200.jpg 300w, https:\/\/spirit-of-football.de\/wp-content\/uploads\/sites\/12\/2018\/09\/Buergerpreis-2018-Spirit-of-Football-5-c-Christian-Thiel-768x512.jpg 768w, https:\/\/spirit-of-football.de\/wp-content\/uploads\/sites\/12\/2018\/09\/Buergerpreis-2018-Spirit-of-Football-5-c-Christian-Thiel-1024x682.jpg 1024w, https:\/\/spirit-of-football.de\/wp-content\/uploads\/sites\/12\/2018\/09\/Buergerpreis-2018-Spirit-of-Football-5-c-Christian-Thiel-450x300.jpg 450w\" width=\"516\" height=\"344\" loading=\"lazy\" data-original-width=\"516\" data-original-height=\"344\" itemprop=\"http:\/\/schema.org\/image\" title=\"European Citizens Prize 2018\" alt=\"Sven und Andrew bei der Dankesrede. Foto: Christian Thiel\" style=\"width: 516px; height: 344px;\" \/> <\/a> <div class=\"tiled-gallery-caption\" itemprop=\"caption description\"> Sven und Andrew bei der Dankesrede. Foto: Christian Thiel <\/div> <\/div> <\/div> <!-- close group --> <\/div> <!-- close row --> <\/div>\n<p>&nbsp;<\/p>\n<p>In unserer t\u00e4glichen Arbeit nutzen wir die Freude am Fu\u00dfballsport, um f\u00fcr Verst\u00e4ndnis f\u00fcr ein Europa des Miteinanders und der Solidarit\u00e4t zu werben. In den letzten zehn Jahren haben wir\u00a0 mehr als 60.000 Menschen in \u00fcber 50 L\u00e4ndern erreicht. Jakob von Weiz\u00e4cker (EU-Abgeordneter, SPD) schlug Spirit of Football f\u00fcr den B\u00fcrgerpreis vor. Die \u00fcberparteiliche Jury im EU-Parlament war von den Werten, die wir in der t\u00e4glichen Arbeit vermitteln, \u00fcberzeugt.<\/p>\n<div class=\"tiled-gallery type-rectangular tiled-gallery-unresized\" data-original-width=\"1040\" data-carousel-extra='{&quot;blog_id&quot;:12,&quot;permalink&quot;:&quot;https:\\\/\\\/spirit-of-football.de\\\/en\\\/2018\\\/09\\\/28\\\/verleihung-des-europaeischen-buergerpreis-2018\\\/&quot;,&quot;likes_blog_id&quot;:false}' itemscope itemtype=\"http:\/\/schema.org\/ImageGallery\" > <div class=\"gallery-row\" style=\"width: 1040px; height: 348px;\" data-original-width=\"1040\" data-original-height=\"348\" > <div class=\"gallery-group images-1\" style=\"width: 520px; height: 348px;\" data-original-width=\"520\" data-original-height=\"348\" > <div class=\"tiled-gallery-item tiled-gallery-item-large\" itemprop=\"associatedMedia\" itemscope itemtype=\"http:\/\/schema.org\/ImageObject\"> <a href=\"https:\/\/spirit-of-football.de\/en\/2018\/09\/28\/verleihung-des-europaeischen-buergerpreis-2018\/europaeischer-buergerpreis-2018-6\/\" border=\"0\" itemprop=\"url\"> <meta itemprop=\"width\" content=\"516\"> <meta itemprop=\"height\" content=\"344\"> <img decoding=\"async\" class=\"\" data-attachment-id=\"9503\" data-orig-file=\"https:\/\/spirit-of-football.de\/wp-content\/uploads\/sites\/12\/2018\/09\/MEP-Buetikofer-Buergerpreis-2018-3-c-Christian-Thiel.jpg\" data-orig-size=\"1280,853\" data-comments-opened=\"1\" data-image-meta=\"{&quot;aperture&quot;:&quot;5.6&quot;,&quot;credit&quot;:&quot;Christian Thiel&quot;,&quot;camera&quot;:&quot;Canon EOS 5D Mark III&quot;,&quot;caption&quot;:&quot;Deutschland, Berlin, Europ\\u00e4isches Haus Berlin, Verleihung des Europ\\u00e4ischen B\\u00fcrgerpreises 2018, 24.09.2018\\rFoto: Christian Thiel, ( email: mail@cthiel.com, mobil: +49(0)177-4815403, Nutzung nur mit Honorar, Belegexemplar, Namensnennung \\rno modelrelease )&quot;,&quot;created_timestamp&quot;:&quot;1537791354&quot;,&quot;copyright&quot;:&quot;Christian Thiel&quot;,&quot;focal_length&quot;:&quot;145&quot;,&quot;iso&quot;:&quot;1600&quot;,&quot;shutter_speed&quot;:&quot;0.00625&quot;,&quot;title&quot;:&quot;Europ\\u00e4ischer B\\u00fcrgerpreis 2018&quot;,&quot;orientation&quot;:&quot;0&quot;}\" data-image-title=\"Europ\u00e4ischer B\u00fcrgerpreis 2018\" data-image-description=\"\" data-medium-file=\"https:\/\/spirit-of-football.de\/wp-content\/uploads\/sites\/12\/2018\/09\/MEP-Buetikofer-Buergerpreis-2018-3-c-Christian-Thiel-300x200.jpg\" data-large-file=\"https:\/\/spirit-of-football.de\/wp-content\/uploads\/sites\/12\/2018\/09\/MEP-Buetikofer-Buergerpreis-2018-3-c-Christian-Thiel-1024x682.jpg\" src=\"https:\/\/spirit-of-football.de\/wp-content\/uploads\/sites\/12\/2018\/09\/MEP-Buetikofer-Buergerpreis-2018-3-c-Christian-Thiel.jpg\" srcset=\"https:\/\/spirit-of-football.de\/wp-content\/uploads\/sites\/12\/2018\/09\/MEP-Buetikofer-Buergerpreis-2018-3-c-Christian-Thiel.jpg 1280w, https:\/\/spirit-of-football.de\/wp-content\/uploads\/sites\/12\/2018\/09\/MEP-Buetikofer-Buergerpreis-2018-3-c-Christian-Thiel-18x12.jpg 18w, https:\/\/spirit-of-football.de\/wp-content\/uploads\/sites\/12\/2018\/09\/MEP-Buetikofer-Buergerpreis-2018-3-c-Christian-Thiel-1080x720.jpg 1080w, https:\/\/spirit-of-football.de\/wp-content\/uploads\/sites\/12\/2018\/09\/MEP-Buetikofer-Buergerpreis-2018-3-c-Christian-Thiel-480x320.jpg 480w, https:\/\/spirit-of-football.de\/wp-content\/uploads\/sites\/12\/2018\/09\/MEP-Buetikofer-Buergerpreis-2018-3-c-Christian-Thiel-640x427.jpg 640w, https:\/\/spirit-of-football.de\/wp-content\/uploads\/sites\/12\/2018\/09\/MEP-Buetikofer-Buergerpreis-2018-3-c-Christian-Thiel-618x412.jpg 618w, https:\/\/spirit-of-football.de\/wp-content\/uploads\/sites\/12\/2018\/09\/MEP-Buetikofer-Buergerpreis-2018-3-c-Christian-Thiel-240x160.jpg 240w, https:\/\/spirit-of-football.de\/wp-content\/uploads\/sites\/12\/2018\/09\/MEP-Buetikofer-Buergerpreis-2018-3-c-Christian-Thiel-980x653.jpg 980w, https:\/\/spirit-of-football.de\/wp-content\/uploads\/sites\/12\/2018\/09\/MEP-Buetikofer-Buergerpreis-2018-3-c-Christian-Thiel-300x200.jpg 300w, https:\/\/spirit-of-football.de\/wp-content\/uploads\/sites\/12\/2018\/09\/MEP-Buetikofer-Buergerpreis-2018-3-c-Christian-Thiel-768x512.jpg 768w, https:\/\/spirit-of-football.de\/wp-content\/uploads\/sites\/12\/2018\/09\/MEP-Buetikofer-Buergerpreis-2018-3-c-Christian-Thiel-1024x682.jpg 1024w, https:\/\/spirit-of-football.de\/wp-content\/uploads\/sites\/12\/2018\/09\/MEP-Buetikofer-Buergerpreis-2018-3-c-Christian-Thiel-450x300.jpg 450w\" width=\"516\" height=\"344\" loading=\"lazy\" data-original-width=\"516\" data-original-height=\"344\" itemprop=\"http:\/\/schema.org\/image\" title=\"European Citizens Prize 2018\" alt=\"MEP Reinhard B\u00fctikofer bei der Laudatio. Foto: Christian Thiel\" style=\"width: 516px; height: 344px;\" \/> <\/a> <div class=\"tiled-gallery-caption\" itemprop=\"caption description\"> MEP Reinhard B\u00fctikofer bei der Laudatio. Foto: Christian Thiel <\/div> <\/div> <\/div> <!-- close group --> <div class=\"gallery-group images-1\" style=\"width: 520px; height: 348px;\" data-original-width=\"520\" data-original-height=\"348\" > <div class=\"tiled-gallery-item tiled-gallery-item-large\" itemprop=\"associatedMedia\" itemscope itemtype=\"http:\/\/schema.org\/ImageObject\"> <a href=\"https:\/\/spirit-of-football.de\/en\/2018\/09\/28\/verleihung-des-europaeischen-buergerpreis-2018\/europaeischer-buergerpreis-2018-7\/\" border=\"0\" itemprop=\"url\"> <meta itemprop=\"width\" content=\"516\"> <meta itemprop=\"height\" content=\"344\"> <img decoding=\"async\" class=\"\" data-attachment-id=\"9504\" data-orig-file=\"https:\/\/spirit-of-football.de\/wp-content\/uploads\/sites\/12\/2018\/09\/MEP-Buetikofer-Spirit-of-Football-3-c-Christian-Thiel.jpg\" data-orig-size=\"1280,853\" data-comments-opened=\"1\" data-image-meta=\"{&quot;aperture&quot;:&quot;5&quot;,&quot;credit&quot;:&quot;Christian Thiel&quot;,&quot;camera&quot;:&quot;Canon EOS 5D Mark III&quot;,&quot;caption&quot;:&quot;Deutschland, Berlin, Europ\\u00e4isches Haus Berlin, Verleihung des Europ\\u00e4ischen B\\u00fcrgerpreises 2018, 24.09.2018\\rFoto: Christian Thiel, ( email: mail@cthiel.com, mobil: +49(0)177-4815403, Nutzung nur mit Honorar, Belegexemplar, Namensnennung \\rno modelrelease )&quot;,&quot;created_timestamp&quot;:&quot;1537796153&quot;,&quot;copyright&quot;:&quot;Christian Thiel&quot;,&quot;focal_length&quot;:&quot;45&quot;,&quot;iso&quot;:&quot;1000&quot;,&quot;shutter_speed&quot;:&quot;0.016666666666667&quot;,&quot;title&quot;:&quot;Europ\\u00e4ischer B\\u00fcrgerpreis 2018&quot;,&quot;orientation&quot;:&quot;0&quot;}\" data-image-title=\"Europ\u00e4ischer B\u00fcrgerpreis 2018\" data-image-description=\"\" data-medium-file=\"https:\/\/spirit-of-football.de\/wp-content\/uploads\/sites\/12\/2018\/09\/MEP-Buetikofer-Spirit-of-Football-3-c-Christian-Thiel-300x200.jpg\" data-large-file=\"https:\/\/spirit-of-football.de\/wp-content\/uploads\/sites\/12\/2018\/09\/MEP-Buetikofer-Spirit-of-Football-3-c-Christian-Thiel-1024x682.jpg\" src=\"https:\/\/spirit-of-football.de\/wp-content\/uploads\/sites\/12\/2018\/09\/MEP-Buetikofer-Spirit-of-Football-3-c-Christian-Thiel.jpg\" srcset=\"https:\/\/spirit-of-football.de\/wp-content\/uploads\/sites\/12\/2018\/09\/MEP-Buetikofer-Spirit-of-Football-3-c-Christian-Thiel.jpg 1280w, https:\/\/spirit-of-football.de\/wp-content\/uploads\/sites\/12\/2018\/09\/MEP-Buetikofer-Spirit-of-Football-3-c-Christian-Thiel-18x12.jpg 18w, https:\/\/spirit-of-football.de\/wp-content\/uploads\/sites\/12\/2018\/09\/MEP-Buetikofer-Spirit-of-Football-3-c-Christian-Thiel-1080x720.jpg 1080w, https:\/\/spirit-of-football.de\/wp-content\/uploads\/sites\/12\/2018\/09\/MEP-Buetikofer-Spirit-of-Football-3-c-Christian-Thiel-480x320.jpg 480w, https:\/\/spirit-of-football.de\/wp-content\/uploads\/sites\/12\/2018\/09\/MEP-Buetikofer-Spirit-of-Football-3-c-Christian-Thiel-640x427.jpg 640w, https:\/\/spirit-of-football.de\/wp-content\/uploads\/sites\/12\/2018\/09\/MEP-Buetikofer-Spirit-of-Football-3-c-Christian-Thiel-618x412.jpg 618w, https:\/\/spirit-of-football.de\/wp-content\/uploads\/sites\/12\/2018\/09\/MEP-Buetikofer-Spirit-of-Football-3-c-Christian-Thiel-240x160.jpg 240w, https:\/\/spirit-of-football.de\/wp-content\/uploads\/sites\/12\/2018\/09\/MEP-Buetikofer-Spirit-of-Football-3-c-Christian-Thiel-980x653.jpg 980w, https:\/\/spirit-of-football.de\/wp-content\/uploads\/sites\/12\/2018\/09\/MEP-Buetikofer-Spirit-of-Football-3-c-Christian-Thiel-300x200.jpg 300w, https:\/\/spirit-of-football.de\/wp-content\/uploads\/sites\/12\/2018\/09\/MEP-Buetikofer-Spirit-of-Football-3-c-Christian-Thiel-768x512.jpg 768w, https:\/\/spirit-of-football.de\/wp-content\/uploads\/sites\/12\/2018\/09\/MEP-Buetikofer-Spirit-of-Football-3-c-Christian-Thiel-1024x682.jpg 1024w, https:\/\/spirit-of-football.de\/wp-content\/uploads\/sites\/12\/2018\/09\/MEP-Buetikofer-Spirit-of-Football-3-c-Christian-Thiel-450x300.jpg 450w\" width=\"516\" height=\"344\" loading=\"lazy\" data-original-width=\"516\" data-original-height=\"344\" itemprop=\"http:\/\/schema.org\/image\" title=\"European Citizens Prize 2018\" alt=\"MEP Reinhard B\u00fctikofer und die Spirit of Football Crew. Foto: Christian Thiel\" style=\"width: 516px; height: 344px;\" \/> <\/a> <div class=\"tiled-gallery-caption\" itemprop=\"caption description\"> MEP Reinhard B\u00fctikofer und die Spirit of Football Crew. Foto: Christian Thiel <\/div> <\/div> <\/div> <!-- close group --> <\/div> <!-- close row --> <\/div>\n<p>&nbsp;<\/p>\n<p>&#8222;Spirit of Football e.V. zeigt mit vielen Projekten, dass Fu\u00dfball viel mehr als \u201cnur\u201c Sport ist. Die Initiative Spirit of Welcome gibt beispielsweise jungen Gefl\u00fcchteten durch den Fu\u00dfballsport in einer schwierigen Lebenslage wichtigen Halt. Integration kann ganz praktisch gelingen, wenn sich junge Th\u00fcringer und Gefl\u00fcchtete auf dem Bolzplatz treffen. Deshalb freut es mich sehr, dass dieser tolle Verein aus Th\u00fcringen auf Vorschlag der th\u00fcringischen Europa-abgeordneten jetzt mit dem Europ\u00e4ischen B\u00fcrgerpreis ausgezeichnet wird.&#8220;, sagte von Weiz\u00e4cker.<\/p>\n<p>Die Europaabgeordneten Reinhard B\u00fctikofer (B\u00fcndnis 90\/DIE GR\u00dcNEN), Ulrike Rodust (SPD), Tiemo W\u00f6lken (SPD) und Rainer Wieland (CDU, Vizepr\u00e4sident des Europ\u00e4ischen Parlaments) hatten die Gewinnerprojekte jeweils f\u00fcr den Preis nominiert und \u00fcbergaben die B\u00fcrgerpreis-Medaillen an die vier B\u00fcrgerpreis-Tr\u00e4gerinnen und -Tr\u00e4ger aus Deutschland.,<\/p>","protected":false},"excerpt":{"rendered":"<p>Berlin. Am Montag, den 24. September 2018 wurden die vier deutschen Preis-Tr\u00e4gerinnen und Preistr\u00e4ger des Europ\u00e4ischen B\u00fcrgerpreises 2018 im Europ\u00e4ischen Haus in Berlin ausgezeichnet. Unter den 50 Bewerbungen wurden wir zusammen mit drei weiteren Gewinnern ausgew\u00e4hlt. Die EU ehrt mit&#8230; <a class=\"read-more\" href=\"https:\/\/spirit-of-football.de\/en\/2018\/09\/28\/verleihung-des-europaeischen-buergerpreis-2018\/\">[Read more]<\/a><\/p>\n","protected":false},"author":8,"featured_media":0,"comment_status":"open","ping_status":"open","sticky":false,"template":"","format":"standard","meta":{"_acf_changed":false,"_jetpack_memberships_contains_paid_content":false,"footnotes":""},"categories":[51],"tags":[916,915],"class_list":["post-9490","post","type-post","status-publish","format-standard","hentry","category-spiritofaction","tag-buergerpreis","tag-eu"],"acf":[],"jetpack_featured_media_url":"","jetpack_sharing_enabled":true,"_links":{"self":[{"href":"https:\/\/spirit-of-football.de\/en\/wp-json\/wp\/v2\/posts\/9490","targetHints":{"allow":["GET"]}}],"collection":[{"href":"https:\/\/spirit-of-football.de\/en\/wp-json\/wp\/v2\/posts"}],"about":[{"href":"https:\/\/spirit-of-football.de\/en\/wp-json\/wp\/v2\/types\/post"}],"author":[{"embeddable":true,"href":"https:\/\/spirit-of-football.de\/en\/wp-json\/wp\/v2\/users\/8"}],"replies":[{"embeddable":true,"href":"https:\/\/spirit-of-football.de\/en\/wp-json\/wp\/v2\/comments?post=9490"}],"version-history":[{"count":8,"href":"https:\/\/spirit-of-football.de\/en\/wp-json\/wp\/v2\/posts\/9490\/revisions"}],"predecessor-version":[{"id":9509,"href":"https:\/\/spirit-of-football.de\/en\/wp-json\/wp\/v2\/posts\/9490\/revisions\/9509"}],"wp:attachment":[{"href":"https:\/\/spirit-of-football.de\/en\/wp-json\/wp\/v2\/media?parent=9490"}],"wp:term":[{"taxonomy":"category","embeddable":true,"href":"https:\/\/spirit-of-football.de\/en\/wp-json\/wp\/v2\/categories?post=9490"},{"taxonomy":"post_tag","embeddable":true,"href":"https:\/\/spirit-of-football.de\/en\/wp-json\/wp\/v2\/tags?post=9490"}],"curies":[{"name":"wp","href":"https:\/\/api.w.org\/{rel}","templated":true}]}}