{"id":89253,"date":"2024-02-17T12:35:19","date_gmt":"2024-02-17T11:35:19","guid":{"rendered":"https:\/\/spirit-of-football.de\/?p=89253"},"modified":"2024-02-22T15:19:49","modified_gmt":"2024-02-22T14:19:49","slug":"vom-fussball-beruehrt-anstoss-der-stiftung-fussball-kultur-euro2024-future-ball-war-dabei","status":"publish","type":"post","link":"https:\/\/spirit-of-football.de\/en\/2024\/02\/17\/vom-fussball-beruehrt-anstoss-der-stiftung-fussball-kultur-euro2024-future-ball-war-dabei\/","title":{"rendered":"Ansto\u00df der Stiftung Fu\u00dfball &#038; Kultur EURO2024 &#8211; Future Ball war dabei!"},"content":{"rendered":"<p>Der Ansto\u00df der Stiftung Fu\u00dfball &amp; Kultur EURO2024 fand am 24. Januar in Berlin. Das sogenannte \u201eHeimspiel in Europa\u201c wirbt mit \u00fcber 60 Projekten, hunderten Events und einem Ziel: \u201eDie Soziokulturellen Werte unseres Landes und die der europ\u00e4ischen Fu\u00dfballkultur aufgreifen und mit Leben, Projekten und Veranstalten zu gestalten.\u201c<img loading=\"lazy\" decoding=\"async\" data-attachment-id=\"89265\" data-permalink=\"https:\/\/spirit-of-football.de\/en\/2024\/02\/17\/vom-fussball-beruehrt-anstoss-der-stiftung-fussball-kultur-euro2024-future-ball-war-dabei\/uefa_claim_heimspiel_europa_2zeilig_schwarz_rgb_rz\/\" data-orig-file=\"https:\/\/spirit-of-football.de\/wp-content\/uploads\/sites\/12\/2024\/02\/UEFA_Claim_Heimspiel_Europa_2zeilig_schwarz_RGB_RZ.png\" data-orig-size=\"1314,488\" data-comments-opened=\"1\" data-image-meta=\"{&quot;aperture&quot;:&quot;0&quot;,&quot;credit&quot;:&quot;&quot;,&quot;camera&quot;:&quot;&quot;,&quot;caption&quot;:&quot;&quot;,&quot;created_timestamp&quot;:&quot;0&quot;,&quot;copyright&quot;:&quot;&quot;,&quot;focal_length&quot;:&quot;0&quot;,&quot;iso&quot;:&quot;0&quot;,&quot;shutter_speed&quot;:&quot;0&quot;,&quot;title&quot;:&quot;&quot;,&quot;orientation&quot;:&quot;0&quot;}\" data-image-title=\"UEFA_Claim_Heimspiel_Europa_2zeilig_schwarz_RGB_RZ\" data-image-description=\"\" data-image-caption=\"\" data-large-file=\"https:\/\/spirit-of-football.de\/wp-content\/uploads\/sites\/12\/2024\/02\/UEFA_Claim_Heimspiel_Europa_2zeilig_schwarz_RGB_RZ-1024x380.png\" class=\"wp-image-89265 alignright\" src=\"https:\/\/spirit-of-football.de\/wp-content\/uploads\/sites\/12\/2024\/02\/UEFA_Claim_Heimspiel_Europa_2zeilig_schwarz_RGB_RZ-1024x380.png\" alt=\"\" width=\"227\" height=\"84\" srcset=\"https:\/\/spirit-of-football.de\/wp-content\/uploads\/sites\/12\/2024\/02\/UEFA_Claim_Heimspiel_Europa_2zeilig_schwarz_RGB_RZ-1024x380.png 1024w, https:\/\/spirit-of-football.de\/wp-content\/uploads\/sites\/12\/2024\/02\/UEFA_Claim_Heimspiel_Europa_2zeilig_schwarz_RGB_RZ-18x7.png 18w, https:\/\/spirit-of-football.de\/wp-content\/uploads\/sites\/12\/2024\/02\/UEFA_Claim_Heimspiel_Europa_2zeilig_schwarz_RGB_RZ-1280x475.png 1280w, https:\/\/spirit-of-football.de\/wp-content\/uploads\/sites\/12\/2024\/02\/UEFA_Claim_Heimspiel_Europa_2zeilig_schwarz_RGB_RZ-553x205.png 553w, https:\/\/spirit-of-football.de\/wp-content\/uploads\/sites\/12\/2024\/02\/UEFA_Claim_Heimspiel_Europa_2zeilig_schwarz_RGB_RZ-640x238.png 640w, https:\/\/spirit-of-football.de\/wp-content\/uploads\/sites\/12\/2024\/02\/UEFA_Claim_Heimspiel_Europa_2zeilig_schwarz_RGB_RZ-618x230.png 618w, https:\/\/spirit-of-football.de\/wp-content\/uploads\/sites\/12\/2024\/02\/UEFA_Claim_Heimspiel_Europa_2zeilig_schwarz_RGB_RZ-240x89.png 240w, https:\/\/spirit-of-football.de\/wp-content\/uploads\/sites\/12\/2024\/02\/UEFA_Claim_Heimspiel_Europa_2zeilig_schwarz_RGB_RZ-980x360.png 980w, https:\/\/spirit-of-football.de\/wp-content\/uploads\/sites\/12\/2024\/02\/UEFA_Claim_Heimspiel_Europa_2zeilig_schwarz_RGB_RZ-300x111.png 300w, https:\/\/spirit-of-football.de\/wp-content\/uploads\/sites\/12\/2024\/02\/UEFA_Claim_Heimspiel_Europa_2zeilig_schwarz_RGB_RZ-768x285.png 768w, https:\/\/spirit-of-football.de\/wp-content\/uploads\/sites\/12\/2024\/02\/UEFA_Claim_Heimspiel_Europa_2zeilig_schwarz_RGB_RZ-500x186.png 500w, https:\/\/spirit-of-football.de\/wp-content\/uploads\/sites\/12\/2024\/02\/UEFA_Claim_Heimspiel_Europa_2zeilig_schwarz_RGB_RZ.png 1314w\" sizes=\"auto, (max-width: 227px) 100vw, 227px\" \/><\/p>\n<p>Wir als Spirit of Football e.V. sind stolz darauf, mit unserem Projekt \u201eFuture Ball \u2013 Bildung und Fu\u00dfball f\u00fcr Nachhaltigkeit\u201c Teil dieses Kunst- und Kulturprogramms zu sein und im EURO-Jahr unseren Teil dazu beizutragen. Bereits seit M\u00e4rz 2023 f\u00fchren wir Workshops, Trainings of Trainers und Events durch und der Future Ball ist dabei immer an unserer Seite \u2013 die 17 auf dem Leder aufgedruckten UN-Nachhaltigkeitsziele stehen dabei im Einklang mit unseren Werten und \u00dcberzeugungen. Wir denken, dass auch der Fu\u00dfball seinen Teil dazu beitragen wird, die Welt ein kleines bisschen besser zu machen.<\/p>\n<p>Dieses fand auch der Turnierdirektor der EM, Philipp Lahm: \u201eFu\u00dfball verbindet und bringt die Menschen zusammen, und das Wichtigste ist immer: Spa\u00df haben, Fair Play und vor allem an seine Nebenfrau und Nebenmann zu denken.\u201c<\/p>\n<p>Kulturstaatsministerin Claudia Roth: \u201eFu\u00dfball bringt Menschen zusammen, egal welchen Alters, Religion, Geschlechts oder Herkunft und diese Kraft f\u00fcr eine demokratische diverse, inklusive Gesellschaft hat nur der Fu\u00dfball.\u201c<\/p>\n<p>Dieses ist das Video zum Stiftungs-Imagefilm:<\/p>\n<p><span class=\"embed-youtube\" style=\"text-align:center; display: block;\"><iframe loading=\"lazy\" class=\"youtube-player\" width=\"1040\" height=\"585\" src=\"https:\/\/www.youtube.com\/embed\/504gX2Z-ki8?version=3&#038;rel=1&#038;showsearch=0&#038;showinfo=1&#038;iv_load_policy=1&#038;fs=1&#038;hl=en-GB&#038;autohide=2&#038;start=78&#038;wmode=transparent\" allowfullscreen=\"true\" style=\"border:0;\" sandbox=\"allow-scripts allow-same-origin allow-popups allow-presentation allow-popups-to-escape-sandbox\"><\/iframe><\/span><\/p>\n<p>Spirit of Footballs Aktivit\u00e4ten sind mit vier Bildern\/Kurzvideos vertreten. K\u00f6nnt ihr erraten, welche es sind?<\/p>\n<p>&nbsp;<\/p>\n<h3>&#8222;Future Ball &#8211; Fu\u00dfball und Bildung F\u00fcr Nachhaltigkeit Wird gef\u00f6rdert von:<\/h3>\n<p><img loading=\"lazy\" decoding=\"async\" data-attachment-id=\"77801\" data-permalink=\"https:\/\/spirit-of-football.de\/en\/2023\/03\/10\/kick-off-im-maerz-fuer-neues-projekt-future-ball\/dfbkultur-bmi\/\" data-orig-file=\"https:\/\/spirit-of-football.de\/wp-content\/uploads\/sites\/12\/2023\/03\/dfbkultur-BMI.png\" data-orig-size=\"1544,312\" data-comments-opened=\"1\" data-image-meta=\"{&quot;aperture&quot;:&quot;0&quot;,&quot;credit&quot;:&quot;&quot;,&quot;camera&quot;:&quot;&quot;,&quot;caption&quot;:&quot;&quot;,&quot;created_timestamp&quot;:&quot;0&quot;,&quot;copyright&quot;:&quot;&quot;,&quot;focal_length&quot;:&quot;0&quot;,&quot;iso&quot;:&quot;0&quot;,&quot;shutter_speed&quot;:&quot;0&quot;,&quot;title&quot;:&quot;&quot;,&quot;orientation&quot;:&quot;0&quot;}\" data-image-title=\"dfbkultur-BMI\" data-image-description=\"\" data-image-caption=\"\" data-large-file=\"https:\/\/spirit-of-football.de\/wp-content\/uploads\/sites\/12\/2023\/03\/dfbkultur-BMI-1024x207.png\" class=\"alignnone wp-image-77801\" src=\"https:\/\/spirit-of-football.de\/wp-content\/uploads\/sites\/12\/2023\/03\/dfbkultur-BMI.png\" alt=\"\" width=\"494\" height=\"100\" srcset=\"https:\/\/spirit-of-football.de\/wp-content\/uploads\/sites\/12\/2023\/03\/dfbkultur-BMI.png 1544w, https:\/\/spirit-of-football.de\/wp-content\/uploads\/sites\/12\/2023\/03\/dfbkultur-BMI-18x4.png 18w, https:\/\/spirit-of-football.de\/wp-content\/uploads\/sites\/12\/2023\/03\/dfbkultur-BMI-1280x259.png 1280w, https:\/\/spirit-of-football.de\/wp-content\/uploads\/sites\/12\/2023\/03\/dfbkultur-BMI-553x112.png 553w, https:\/\/spirit-of-football.de\/wp-content\/uploads\/sites\/12\/2023\/03\/dfbkultur-BMI-640x129.png 640w, https:\/\/spirit-of-football.de\/wp-content\/uploads\/sites\/12\/2023\/03\/dfbkultur-BMI-618x125.png 618w, https:\/\/spirit-of-football.de\/wp-content\/uploads\/sites\/12\/2023\/03\/dfbkultur-BMI-240x48.png 240w, https:\/\/spirit-of-football.de\/wp-content\/uploads\/sites\/12\/2023\/03\/dfbkultur-BMI-980x198.png 980w, https:\/\/spirit-of-football.de\/wp-content\/uploads\/sites\/12\/2023\/03\/dfbkultur-BMI-300x61.png 300w, https:\/\/spirit-of-football.de\/wp-content\/uploads\/sites\/12\/2023\/03\/dfbkultur-BMI-768x155.png 768w, https:\/\/spirit-of-football.de\/wp-content\/uploads\/sites\/12\/2023\/03\/dfbkultur-BMI-1024x207.png 1024w, https:\/\/spirit-of-football.de\/wp-content\/uploads\/sites\/12\/2023\/03\/dfbkultur-BMI-1536x310.png 1536w, https:\/\/spirit-of-football.de\/wp-content\/uploads\/sites\/12\/2023\/03\/dfbkultur-BMI-500x101.png 500w\" sizes=\"auto, (max-width: 494px) 100vw, 494px\" \/><img loading=\"lazy\" decoding=\"async\" data-attachment-id=\"89265\" data-permalink=\"https:\/\/spirit-of-football.de\/en\/2024\/02\/17\/vom-fussball-beruehrt-anstoss-der-stiftung-fussball-kultur-euro2024-future-ball-war-dabei\/uefa_claim_heimspiel_europa_2zeilig_schwarz_rgb_rz\/\" data-orig-file=\"https:\/\/spirit-of-football.de\/wp-content\/uploads\/sites\/12\/2024\/02\/UEFA_Claim_Heimspiel_Europa_2zeilig_schwarz_RGB_RZ.png\" data-orig-size=\"1314,488\" data-comments-opened=\"1\" data-image-meta=\"{&quot;aperture&quot;:&quot;0&quot;,&quot;credit&quot;:&quot;&quot;,&quot;camera&quot;:&quot;&quot;,&quot;caption&quot;:&quot;&quot;,&quot;created_timestamp&quot;:&quot;0&quot;,&quot;copyright&quot;:&quot;&quot;,&quot;focal_length&quot;:&quot;0&quot;,&quot;iso&quot;:&quot;0&quot;,&quot;shutter_speed&quot;:&quot;0&quot;,&quot;title&quot;:&quot;&quot;,&quot;orientation&quot;:&quot;0&quot;}\" data-image-title=\"UEFA_Claim_Heimspiel_Europa_2zeilig_schwarz_RGB_RZ\" data-image-description=\"\" data-image-caption=\"\" data-large-file=\"https:\/\/spirit-of-football.de\/wp-content\/uploads\/sites\/12\/2024\/02\/UEFA_Claim_Heimspiel_Europa_2zeilig_schwarz_RGB_RZ-1024x380.png\" class=\"alignnone wp-image-89265\" src=\"https:\/\/spirit-of-football.de\/wp-content\/uploads\/sites\/12\/2024\/02\/UEFA_Claim_Heimspiel_Europa_2zeilig_schwarz_RGB_RZ-300x111.png\" alt=\"\" width=\"267\" height=\"99\" srcset=\"https:\/\/spirit-of-football.de\/wp-content\/uploads\/sites\/12\/2024\/02\/UEFA_Claim_Heimspiel_Europa_2zeilig_schwarz_RGB_RZ-300x111.png 300w, https:\/\/spirit-of-football.de\/wp-content\/uploads\/sites\/12\/2024\/02\/UEFA_Claim_Heimspiel_Europa_2zeilig_schwarz_RGB_RZ-18x7.png 18w, https:\/\/spirit-of-football.de\/wp-content\/uploads\/sites\/12\/2024\/02\/UEFA_Claim_Heimspiel_Europa_2zeilig_schwarz_RGB_RZ-1280x475.png 1280w, https:\/\/spirit-of-football.de\/wp-content\/uploads\/sites\/12\/2024\/02\/UEFA_Claim_Heimspiel_Europa_2zeilig_schwarz_RGB_RZ-553x205.png 553w, https:\/\/spirit-of-football.de\/wp-content\/uploads\/sites\/12\/2024\/02\/UEFA_Claim_Heimspiel_Europa_2zeilig_schwarz_RGB_RZ-640x238.png 640w, https:\/\/spirit-of-football.de\/wp-content\/uploads\/sites\/12\/2024\/02\/UEFA_Claim_Heimspiel_Europa_2zeilig_schwarz_RGB_RZ-618x230.png 618w, https:\/\/spirit-of-football.de\/wp-content\/uploads\/sites\/12\/2024\/02\/UEFA_Claim_Heimspiel_Europa_2zeilig_schwarz_RGB_RZ-240x89.png 240w, https:\/\/spirit-of-football.de\/wp-content\/uploads\/sites\/12\/2024\/02\/UEFA_Claim_Heimspiel_Europa_2zeilig_schwarz_RGB_RZ-980x360.png 980w, https:\/\/spirit-of-football.de\/wp-content\/uploads\/sites\/12\/2024\/02\/UEFA_Claim_Heimspiel_Europa_2zeilig_schwarz_RGB_RZ-768x285.png 768w, https:\/\/spirit-of-football.de\/wp-content\/uploads\/sites\/12\/2024\/02\/UEFA_Claim_Heimspiel_Europa_2zeilig_schwarz_RGB_RZ-1024x380.png 1024w, https:\/\/spirit-of-football.de\/wp-content\/uploads\/sites\/12\/2024\/02\/UEFA_Claim_Heimspiel_Europa_2zeilig_schwarz_RGB_RZ-500x186.png 500w, https:\/\/spirit-of-football.de\/wp-content\/uploads\/sites\/12\/2024\/02\/UEFA_Claim_Heimspiel_Europa_2zeilig_schwarz_RGB_RZ.png 1314w\" sizes=\"auto, (max-width: 267px) 100vw, 267px\" \/><br \/>\nIn Kooperation mit:<\/p>\n<p><img loading=\"lazy\" decoding=\"async\" data-attachment-id=\"77800\" data-permalink=\"https:\/\/spirit-of-football.de\/en\/2023\/03\/10\/kick-off-im-maerz-fuer-neues-projekt-future-ball\/lernort-renn\/\" data-orig-file=\"https:\/\/spirit-of-football.de\/wp-content\/uploads\/sites\/12\/2023\/03\/lernort-renn.png\" data-orig-size=\"885,276\" data-comments-opened=\"1\" data-image-meta=\"{&quot;aperture&quot;:&quot;0&quot;,&quot;credit&quot;:&quot;&quot;,&quot;camera&quot;:&quot;&quot;,&quot;caption&quot;:&quot;&quot;,&quot;created_timestamp&quot;:&quot;0&quot;,&quot;copyright&quot;:&quot;&quot;,&quot;focal_length&quot;:&quot;0&quot;,&quot;iso&quot;:&quot;0&quot;,&quot;shutter_speed&quot;:&quot;0&quot;,&quot;title&quot;:&quot;&quot;,&quot;orientation&quot;:&quot;0&quot;}\" data-image-title=\"lernort-renn\" data-image-description=\"\" data-image-caption=\"\" data-large-file=\"https:\/\/spirit-of-football.de\/wp-content\/uploads\/sites\/12\/2023\/03\/lernort-renn.png\" class=\"alignnone wp-image-77800\" src=\"https:\/\/spirit-of-football.de\/wp-content\/uploads\/sites\/12\/2023\/03\/lernort-renn.png\" alt=\"\" width=\"420\" height=\"131\" srcset=\"https:\/\/spirit-of-football.de\/wp-content\/uploads\/sites\/12\/2023\/03\/lernort-renn.png 885w, https:\/\/spirit-of-football.de\/wp-content\/uploads\/sites\/12\/2023\/03\/lernort-renn-18x6.png 18w, https:\/\/spirit-of-football.de\/wp-content\/uploads\/sites\/12\/2023\/03\/lernort-renn-553x172.png 553w, https:\/\/spirit-of-football.de\/wp-content\/uploads\/sites\/12\/2023\/03\/lernort-renn-640x200.png 640w, https:\/\/spirit-of-football.de\/wp-content\/uploads\/sites\/12\/2023\/03\/lernort-renn-618x193.png 618w, https:\/\/spirit-of-football.de\/wp-content\/uploads\/sites\/12\/2023\/03\/lernort-renn-240x75.png 240w, https:\/\/spirit-of-football.de\/wp-content\/uploads\/sites\/12\/2023\/03\/lernort-renn-300x94.png 300w, https:\/\/spirit-of-football.de\/wp-content\/uploads\/sites\/12\/2023\/03\/lernort-renn-768x240.png 768w, https:\/\/spirit-of-football.de\/wp-content\/uploads\/sites\/12\/2023\/03\/lernort-renn-500x156.png 500w\" sizes=\"auto, (max-width: 420px) 100vw, 420px\" \/><\/p>","protected":false},"excerpt":{"rendered":"<p>Der Ansto\u00df der Stiftung Fu\u00dfball &amp; Kultur EURO2024 fand am 24. Januar in Berlin. Das sogenannte \u201eHeimspiel in Europa\u201c wirbt mit \u00fcber 60 Projekten, hunderten Events und einem Ziel: \u201eDie Soziokulturellen Werte unseres Landes und die der europ\u00e4ischen Fu\u00dfballkultur aufgreifen&#8230; <a class=\"read-more\" href=\"https:\/\/spirit-of-football.de\/en\/2024\/02\/17\/vom-fussball-beruehrt-anstoss-der-stiftung-fussball-kultur-euro2024-future-ball-war-dabei\/\">[Read more]<\/a><\/p>\n","protected":false},"author":75,"featured_media":89254,"comment_status":"open","ping_status":"open","sticky":false,"template":"","format":"standard","meta":{"_acf_changed":false,"_jetpack_memberships_contains_paid_content":false,"footnotes":""},"categories":[1770],"tags":[],"class_list":["post-89253","post","type-post","status-publish","format-standard","has-post-thumbnail","hentry","category-future-ball-de"],"acf":[],"jetpack_featured_media_url":"https:\/\/spirit-of-football.de\/wp-content\/uploads\/sites\/12\/2024\/02\/Thumbnail-website-Blog-Future-Ball.jpg","jetpack_sharing_enabled":true,"_links":{"self":[{"href":"https:\/\/spirit-of-football.de\/en\/wp-json\/wp\/v2\/posts\/89253","targetHints":{"allow":["GET"]}}],"collection":[{"href":"https:\/\/spirit-of-football.de\/en\/wp-json\/wp\/v2\/posts"}],"about":[{"href":"https:\/\/spirit-of-football.de\/en\/wp-json\/wp\/v2\/types\/post"}],"author":[{"embeddable":true,"href":"https:\/\/spirit-of-football.de\/en\/wp-json\/wp\/v2\/users\/75"}],"replies":[{"embeddable":true,"href":"https:\/\/spirit-of-football.de\/en\/wp-json\/wp\/v2\/comments?post=89253"}],"version-history":[{"count":11,"href":"https:\/\/spirit-of-football.de\/en\/wp-json\/wp\/v2\/posts\/89253\/revisions"}],"predecessor-version":[{"id":89482,"href":"https:\/\/spirit-of-football.de\/en\/wp-json\/wp\/v2\/posts\/89253\/revisions\/89482"}],"wp:featuredmedia":[{"embeddable":true,"href":"https:\/\/spirit-of-football.de\/en\/wp-json\/wp\/v2\/media\/89254"}],"wp:attachment":[{"href":"https:\/\/spirit-of-football.de\/en\/wp-json\/wp\/v2\/media?parent=89253"}],"wp:term":[{"taxonomy":"category","embeddable":true,"href":"https:\/\/spirit-of-football.de\/en\/wp-json\/wp\/v2\/categories?post=89253"},{"taxonomy":"post_tag","embeddable":true,"href":"https:\/\/spirit-of-football.de\/en\/wp-json\/wp\/v2\/tags?post=89253"}],"curies":[{"name":"wp","href":"https:\/\/api.w.org\/{rel}","templated":true}]}}