{"id":79810,"date":"2023-05-10T11:58:06","date_gmt":"2023-05-10T09:58:06","guid":{"rendered":"https:\/\/spirit-of-football.de\/?p=79810"},"modified":"2024-02-22T15:12:14","modified_gmt":"2024-02-22T14:12:14","slug":"future-ball-in-malchin-mai-2023","status":"publish","type":"post","link":"https:\/\/spirit-of-football.de\/en\/2023\/05\/10\/future-ball-in-malchin-mai-2023\/","title":{"rendered":"Future Ball in Malchin &#8211; Mai 2023"},"content":{"rendered":"<h1 class=\"tw-text-6xl tw-pt-3 sm:tw-text-3xl tw-break-words\">&#8222;An diesem Fu\u00dfballspiel ist fast alles anders als sonst&#8220;<\/h1>\n<p>Nordkurier, 09. Mai 2023 von Kirsten Gehrke<\/p>\n<h3 class=\"tw-text-xl tw-font-semibold tw-my-8 sm:tw-text-md sm:tw-my-6\">Ein Fu\u00dfballspiel im Mittelpunkt, und drum herum Wasser, menschenw\u00fcrdige Arbeit und der DFB. Wie das zusammenpassen soll, haben zwei junge Menschen vermittelt.<\/h3>\n<p class=\"tw-max-w-2xl tw-mx-auto tw-mb-6\">Auf einem Fu\u00dfballplatz geht es sonst eigentlich ruppiger zu. Da wird gegr\u00e4tscht, geschubst oder gefoult. In Malchin war neulich auf Kunstrasen anderes zu sehen. Hier spielten Siebtkl\u00e4ssler der Marcusschule und des Gymnasiums gemeinsam nach Fairplay\u2013Ball\u2013Regeln. Da jubelte auch mal die gegnerische Mannschaft \u00fcber ein gefallenes Tor.<\/p>\n<p class=\"tw-max-w-2xl tw-mx-auto tw-mb-6\">Es ging dabei nicht nur um soziales Miteinander, sondern auch um ein Miteinander der Erde gegen\u00fcber. Der Ball stand als Symbol f\u00fcr die Welt. \u201eWir haben nur diese eine Welt, die uns zur Verf\u00fcgung steht\u201c, sagte Uta Bergh\u00f6fer, Vorsitzende des Wasserwerk\u2013Vereins, der das neue Projekt des Vereins \u201eSpirit of Football\u201c (der Geist des Fu\u00dfball) zeitnah zur Er\u00f6ffnung des \u201eWasserwerks der Zukunft\u201c nach Malchin geholt hat. Dies sei gleichzeitig die erste Aktion der neuen Umweltbildungsst\u00e4tte.<\/p>\n<p class=\"tw-max-w-2xl tw-mx-auto tw-mb-6\">Das Besondere sei hier, Verbindungen zu schaffen. \u201eWasser verbindet uns alle\u201c, erkl\u00e4rte Bergh\u00f6fer. Auf spielerische Art vermittelten Benni Gr\u00fcnewald (30) und Hanna G\u00f6rgen (21) von \u201eSpirit of Football\u201c Werte wie Respekt, Fairness und Teamgeist. Malchin war der deutschlandweite Auftakt f\u00fcr ihr Projekt \u201eFuture Ball\u201c, das im Rahmen der Fu\u00dfball\u2013Europameisterschaft 2024 erarbeitet wurde. Unterst\u00fctzt werde es von der DFB\u2013Kulturstiftung.<\/p>\n<div class=\"sve-related-articles_container fp-article-group-small fp-section\"><\/div>\n<p class=\"tw-max-w-2xl tw-mx-auto tw-mb-6\">Der dreit\u00e4gige Workshop in der ersten Maiwoche war mehr als Fu\u00dfball. In gemischten Gruppen setzten sich Regionalsch\u00fcler und Gymnasiasten mit den 17 Nachhaltigkeitszielen der Vereinten Nationen auseinander, zur der sich die Weltgemeinschaft bis 2030 verpflichtet hat: Von Klimaschutz, Gleichberechtigung, keine Armut bis zum Schutz des Wassers, bezahlbare saubere Energie und menschenw\u00fcrdige Arbeit. Die Projektmacher haben eine Methode entwickelt, diese Ziele spielerisch und spannend zu vermitteln. Am Ende haben die Siebtkl\u00e4ssler diese in einem Theaterst\u00fcck verarbeitet. Und sie haben ihren \u00f6kologischen Fu\u00dfabdruck berechnet.<\/p>\n<p class=\"tw-max-w-2xl tw-mx-auto tw-mb-6\">\u201eSo kann man sehen, dass das Thema Nachhaltigkeit Freude machen kann\u201c, meinte Uta Bergh\u00f6fer. F\u00fcr Benni Gr\u00fcnewald war Malchin etwas Besonderes. Zum ersten Mal habe er ein Projekt in dieser Form erlebt, mit zwei Schulen zusammen. Nach Malchin geht es mit \u201eFuture Ball\u201c nach Erfurt, K\u00f6ln und Trier. \u201eUnser Ziel ist es, bis zur EM in allen 16 Bundesl\u00e4ndern gewesen zu sein\u201c, sagte Gr\u00fcnewald. 2005 hatte sich der Verein in Erfurt gegr\u00fcndet und geh\u00f6rt zu einer Spirit of Football\u2013Familie, die in England und in Brasilien aktiv ist. 2002 sei von England aus ein Ball rund um die Welt bis zur WM gereist und unterwegs von unterschiedlichen Menschen unterschrieben worden. Seitdem sei der Ball alle vier Jahre die olympische Fackel des Fu\u00dfballs. Der Verein setzt sich f\u00fcr die Kultur des Fairplays ein.<\/p>\n<p>via <a href=\"https:\/\/www.nordkurier.de\/regional\/mecklenburgische-schweiz\/an-diesem-fussballspiel-ist-fast-alles-anders-als-sonst-1599999\">https:\/\/www.nordkurier.de\/ <\/a>(zul. abgerufen 23.Mai.2023)<\/p>\n<p>&nbsp;<\/p>\n<figure id=\"attachment_79811\" aria-describedby=\"caption-attachment-79811\" style=\"width: 760px\" class=\"wp-caption alignnone\"><img loading=\"lazy\" decoding=\"async\" data-attachment-id=\"79811\" data-permalink=\"https:\/\/spirit-of-football.de\/en\/2023\/05\/10\/future-ball-in-malchin-mai-2023\/malchin-_c_-kerstin-gehrke\/\" data-orig-file=\"https:\/\/spirit-of-football.de\/wp-content\/uploads\/sites\/12\/2023\/05\/Malchin-_C_-Kerstin-Gehrke.jpg\" data-orig-size=\"2048,1152\" data-comments-opened=\"1\" data-image-meta=\"{&quot;aperture&quot;:&quot;0&quot;,&quot;credit&quot;:&quot;&quot;,&quot;camera&quot;:&quot;&quot;,&quot;caption&quot;:&quot;&quot;,&quot;created_timestamp&quot;:&quot;0&quot;,&quot;copyright&quot;:&quot;&quot;,&quot;focal_length&quot;:&quot;0&quot;,&quot;iso&quot;:&quot;0&quot;,&quot;shutter_speed&quot;:&quot;0&quot;,&quot;title&quot;:&quot;&quot;,&quot;orientation&quot;:&quot;0&quot;}\" data-image-title=\"\" data-image-description=\"\" data-image-caption=\"&lt;p&gt;(C) Kisten Gehrke&lt;\/p&gt;\" data-large-file=\"https:\/\/spirit-of-football.de\/wp-content\/uploads\/sites\/12\/2023\/05\/Malchin-_C_-Kerstin-Gehrke-1024x576.jpg\" class=\"wp-image-79811 size-large\" src=\"https:\/\/spirit-of-football.de\/wp-content\/uploads\/sites\/12\/2023\/05\/Malchin-_C_-Kerstin-Gehrke-1024x576.jpg\" alt=\"(C) Kisten Gehrke\" width=\"760\" height=\"428\" srcset=\"https:\/\/spirit-of-football.de\/wp-content\/uploads\/sites\/12\/2023\/05\/Malchin-_C_-Kerstin-Gehrke-1024x576.jpg 1024w, https:\/\/spirit-of-football.de\/wp-content\/uploads\/sites\/12\/2023\/05\/Malchin-_C_-Kerstin-Gehrke-18x10.jpg 18w, https:\/\/spirit-of-football.de\/wp-content\/uploads\/sites\/12\/2023\/05\/Malchin-_C_-Kerstin-Gehrke-1280x720.jpg 1280w, https:\/\/spirit-of-football.de\/wp-content\/uploads\/sites\/12\/2023\/05\/Malchin-_C_-Kerstin-Gehrke-553x311.jpg 553w, https:\/\/spirit-of-football.de\/wp-content\/uploads\/sites\/12\/2023\/05\/Malchin-_C_-Kerstin-Gehrke-640x360.jpg 640w, https:\/\/spirit-of-football.de\/wp-content\/uploads\/sites\/12\/2023\/05\/Malchin-_C_-Kerstin-Gehrke-618x348.jpg 618w, https:\/\/spirit-of-football.de\/wp-content\/uploads\/sites\/12\/2023\/05\/Malchin-_C_-Kerstin-Gehrke-240x135.jpg 240w, https:\/\/spirit-of-football.de\/wp-content\/uploads\/sites\/12\/2023\/05\/Malchin-_C_-Kerstin-Gehrke-980x551.jpg 980w, https:\/\/spirit-of-football.de\/wp-content\/uploads\/sites\/12\/2023\/05\/Malchin-_C_-Kerstin-Gehrke-300x169.jpg 300w, https:\/\/spirit-of-football.de\/wp-content\/uploads\/sites\/12\/2023\/05\/Malchin-_C_-Kerstin-Gehrke-768x432.jpg 768w, https:\/\/spirit-of-football.de\/wp-content\/uploads\/sites\/12\/2023\/05\/Malchin-_C_-Kerstin-Gehrke-1536x864.jpg 1536w, https:\/\/spirit-of-football.de\/wp-content\/uploads\/sites\/12\/2023\/05\/Malchin-_C_-Kerstin-Gehrke-500x281.jpg 500w, https:\/\/spirit-of-football.de\/wp-content\/uploads\/sites\/12\/2023\/05\/Malchin-_C_-Kerstin-Gehrke.jpg 2048w\" sizes=\"auto, (max-width: 760px) 100vw, 760px\" \/><figcaption id=\"caption-attachment-79811\" class=\"wp-caption-text\">(C) Kisten Gehrke<\/figcaption><\/figure>\n<h3><\/h3>\n<h3>&#8222;Future Ball &#8211; Fu\u00dfball und Bildung F\u00fcr Nachhaltigkeit Wird gef\u00f6rdert von:<\/h3>\n<p><img loading=\"lazy\" decoding=\"async\" data-attachment-id=\"77801\" data-permalink=\"https:\/\/spirit-of-football.de\/en\/2023\/03\/10\/kick-off-im-maerz-fuer-neues-projekt-future-ball\/dfbkultur-bmi\/\" data-orig-file=\"https:\/\/spirit-of-football.de\/wp-content\/uploads\/sites\/12\/2023\/03\/dfbkultur-BMI.png\" data-orig-size=\"1544,312\" data-comments-opened=\"1\" data-image-meta=\"{&quot;aperture&quot;:&quot;0&quot;,&quot;credit&quot;:&quot;&quot;,&quot;camera&quot;:&quot;&quot;,&quot;caption&quot;:&quot;&quot;,&quot;created_timestamp&quot;:&quot;0&quot;,&quot;copyright&quot;:&quot;&quot;,&quot;focal_length&quot;:&quot;0&quot;,&quot;iso&quot;:&quot;0&quot;,&quot;shutter_speed&quot;:&quot;0&quot;,&quot;title&quot;:&quot;&quot;,&quot;orientation&quot;:&quot;0&quot;}\" data-image-title=\"dfbkultur-BMI\" data-image-description=\"\" data-image-caption=\"\" data-large-file=\"https:\/\/spirit-of-football.de\/wp-content\/uploads\/sites\/12\/2023\/03\/dfbkultur-BMI-1024x207.png\" class=\"alignnone wp-image-77801\" src=\"https:\/\/spirit-of-football.de\/wp-content\/uploads\/sites\/12\/2023\/03\/dfbkultur-BMI.png\" alt=\"\" width=\"494\" height=\"100\" srcset=\"https:\/\/spirit-of-football.de\/wp-content\/uploads\/sites\/12\/2023\/03\/dfbkultur-BMI.png 1544w, https:\/\/spirit-of-football.de\/wp-content\/uploads\/sites\/12\/2023\/03\/dfbkultur-BMI-18x4.png 18w, https:\/\/spirit-of-football.de\/wp-content\/uploads\/sites\/12\/2023\/03\/dfbkultur-BMI-1280x259.png 1280w, https:\/\/spirit-of-football.de\/wp-content\/uploads\/sites\/12\/2023\/03\/dfbkultur-BMI-553x112.png 553w, https:\/\/spirit-of-football.de\/wp-content\/uploads\/sites\/12\/2023\/03\/dfbkultur-BMI-640x129.png 640w, https:\/\/spirit-of-football.de\/wp-content\/uploads\/sites\/12\/2023\/03\/dfbkultur-BMI-618x125.png 618w, https:\/\/spirit-of-football.de\/wp-content\/uploads\/sites\/12\/2023\/03\/dfbkultur-BMI-240x48.png 240w, https:\/\/spirit-of-football.de\/wp-content\/uploads\/sites\/12\/2023\/03\/dfbkultur-BMI-980x198.png 980w, https:\/\/spirit-of-football.de\/wp-content\/uploads\/sites\/12\/2023\/03\/dfbkultur-BMI-300x61.png 300w, https:\/\/spirit-of-football.de\/wp-content\/uploads\/sites\/12\/2023\/03\/dfbkultur-BMI-768x155.png 768w, https:\/\/spirit-of-football.de\/wp-content\/uploads\/sites\/12\/2023\/03\/dfbkultur-BMI-1024x207.png 1024w, https:\/\/spirit-of-football.de\/wp-content\/uploads\/sites\/12\/2023\/03\/dfbkultur-BMI-1536x310.png 1536w, https:\/\/spirit-of-football.de\/wp-content\/uploads\/sites\/12\/2023\/03\/dfbkultur-BMI-500x101.png 500w\" sizes=\"auto, (max-width: 494px) 100vw, 494px\" \/><img loading=\"lazy\" decoding=\"async\" data-attachment-id=\"89265\" data-permalink=\"https:\/\/spirit-of-football.de\/en\/2024\/02\/17\/vom-fussball-beruehrt-anstoss-der-stiftung-fussball-kultur-euro2024-future-ball-war-dabei\/uefa_claim_heimspiel_europa_2zeilig_schwarz_rgb_rz\/\" data-orig-file=\"https:\/\/spirit-of-football.de\/wp-content\/uploads\/sites\/12\/2024\/02\/UEFA_Claim_Heimspiel_Europa_2zeilig_schwarz_RGB_RZ.png\" data-orig-size=\"1314,488\" data-comments-opened=\"1\" data-image-meta=\"{&quot;aperture&quot;:&quot;0&quot;,&quot;credit&quot;:&quot;&quot;,&quot;camera&quot;:&quot;&quot;,&quot;caption&quot;:&quot;&quot;,&quot;created_timestamp&quot;:&quot;0&quot;,&quot;copyright&quot;:&quot;&quot;,&quot;focal_length&quot;:&quot;0&quot;,&quot;iso&quot;:&quot;0&quot;,&quot;shutter_speed&quot;:&quot;0&quot;,&quot;title&quot;:&quot;&quot;,&quot;orientation&quot;:&quot;0&quot;}\" data-image-title=\"UEFA_Claim_Heimspiel_Europa_2zeilig_schwarz_RGB_RZ\" data-image-description=\"\" data-image-caption=\"\" data-large-file=\"https:\/\/spirit-of-football.de\/wp-content\/uploads\/sites\/12\/2024\/02\/UEFA_Claim_Heimspiel_Europa_2zeilig_schwarz_RGB_RZ-1024x380.png\" class=\"alignnone wp-image-89265\" src=\"https:\/\/spirit-of-football.de\/wp-content\/uploads\/sites\/12\/2024\/02\/UEFA_Claim_Heimspiel_Europa_2zeilig_schwarz_RGB_RZ-300x111.png\" alt=\"\" width=\"267\" height=\"99\" srcset=\"https:\/\/spirit-of-football.de\/wp-content\/uploads\/sites\/12\/2024\/02\/UEFA_Claim_Heimspiel_Europa_2zeilig_schwarz_RGB_RZ-300x111.png 300w, https:\/\/spirit-of-football.de\/wp-content\/uploads\/sites\/12\/2024\/02\/UEFA_Claim_Heimspiel_Europa_2zeilig_schwarz_RGB_RZ-18x7.png 18w, https:\/\/spirit-of-football.de\/wp-content\/uploads\/sites\/12\/2024\/02\/UEFA_Claim_Heimspiel_Europa_2zeilig_schwarz_RGB_RZ-1280x475.png 1280w, https:\/\/spirit-of-football.de\/wp-content\/uploads\/sites\/12\/2024\/02\/UEFA_Claim_Heimspiel_Europa_2zeilig_schwarz_RGB_RZ-553x205.png 553w, https:\/\/spirit-of-football.de\/wp-content\/uploads\/sites\/12\/2024\/02\/UEFA_Claim_Heimspiel_Europa_2zeilig_schwarz_RGB_RZ-640x238.png 640w, https:\/\/spirit-of-football.de\/wp-content\/uploads\/sites\/12\/2024\/02\/UEFA_Claim_Heimspiel_Europa_2zeilig_schwarz_RGB_RZ-618x230.png 618w, https:\/\/spirit-of-football.de\/wp-content\/uploads\/sites\/12\/2024\/02\/UEFA_Claim_Heimspiel_Europa_2zeilig_schwarz_RGB_RZ-240x89.png 240w, https:\/\/spirit-of-football.de\/wp-content\/uploads\/sites\/12\/2024\/02\/UEFA_Claim_Heimspiel_Europa_2zeilig_schwarz_RGB_RZ-980x360.png 980w, https:\/\/spirit-of-football.de\/wp-content\/uploads\/sites\/12\/2024\/02\/UEFA_Claim_Heimspiel_Europa_2zeilig_schwarz_RGB_RZ-768x285.png 768w, https:\/\/spirit-of-football.de\/wp-content\/uploads\/sites\/12\/2024\/02\/UEFA_Claim_Heimspiel_Europa_2zeilig_schwarz_RGB_RZ-1024x380.png 1024w, https:\/\/spirit-of-football.de\/wp-content\/uploads\/sites\/12\/2024\/02\/UEFA_Claim_Heimspiel_Europa_2zeilig_schwarz_RGB_RZ-500x186.png 500w, https:\/\/spirit-of-football.de\/wp-content\/uploads\/sites\/12\/2024\/02\/UEFA_Claim_Heimspiel_Europa_2zeilig_schwarz_RGB_RZ.png 1314w\" sizes=\"auto, (max-width: 267px) 100vw, 267px\" \/><br \/>\nIn Kooperation mit:<\/p>\n<p><img loading=\"lazy\" decoding=\"async\" data-attachment-id=\"77800\" data-permalink=\"https:\/\/spirit-of-football.de\/en\/2023\/03\/10\/kick-off-im-maerz-fuer-neues-projekt-future-ball\/lernort-renn\/\" data-orig-file=\"https:\/\/spirit-of-football.de\/wp-content\/uploads\/sites\/12\/2023\/03\/lernort-renn.png\" data-orig-size=\"885,276\" data-comments-opened=\"1\" data-image-meta=\"{&quot;aperture&quot;:&quot;0&quot;,&quot;credit&quot;:&quot;&quot;,&quot;camera&quot;:&quot;&quot;,&quot;caption&quot;:&quot;&quot;,&quot;created_timestamp&quot;:&quot;0&quot;,&quot;copyright&quot;:&quot;&quot;,&quot;focal_length&quot;:&quot;0&quot;,&quot;iso&quot;:&quot;0&quot;,&quot;shutter_speed&quot;:&quot;0&quot;,&quot;title&quot;:&quot;&quot;,&quot;orientation&quot;:&quot;0&quot;}\" data-image-title=\"lernort-renn\" data-image-description=\"\" data-image-caption=\"\" data-large-file=\"https:\/\/spirit-of-football.de\/wp-content\/uploads\/sites\/12\/2023\/03\/lernort-renn.png\" class=\"alignnone wp-image-77800\" src=\"https:\/\/spirit-of-football.de\/wp-content\/uploads\/sites\/12\/2023\/03\/lernort-renn.png\" alt=\"\" width=\"420\" height=\"131\" srcset=\"https:\/\/spirit-of-football.de\/wp-content\/uploads\/sites\/12\/2023\/03\/lernort-renn.png 885w, https:\/\/spirit-of-football.de\/wp-content\/uploads\/sites\/12\/2023\/03\/lernort-renn-18x6.png 18w, https:\/\/spirit-of-football.de\/wp-content\/uploads\/sites\/12\/2023\/03\/lernort-renn-553x172.png 553w, https:\/\/spirit-of-football.de\/wp-content\/uploads\/sites\/12\/2023\/03\/lernort-renn-640x200.png 640w, https:\/\/spirit-of-football.de\/wp-content\/uploads\/sites\/12\/2023\/03\/lernort-renn-618x193.png 618w, https:\/\/spirit-of-football.de\/wp-content\/uploads\/sites\/12\/2023\/03\/lernort-renn-240x75.png 240w, https:\/\/spirit-of-football.de\/wp-content\/uploads\/sites\/12\/2023\/03\/lernort-renn-300x94.png 300w, https:\/\/spirit-of-football.de\/wp-content\/uploads\/sites\/12\/2023\/03\/lernort-renn-768x240.png 768w, https:\/\/spirit-of-football.de\/wp-content\/uploads\/sites\/12\/2023\/03\/lernort-renn-500x156.png 500w\" sizes=\"auto, (max-width: 420px) 100vw, 420px\" \/><\/p>","protected":false},"excerpt":{"rendered":"<p>&#8222;An diesem Fu\u00dfballspiel ist fast alles anders als sonst&#8220; Nordkurier, 09. Mai 2023 von Kirsten Gehrke Ein Fu\u00dfballspiel im Mittelpunkt, und drum herum Wasser, menschenw\u00fcrdige Arbeit und der DFB. Wie das zusammenpassen soll, haben zwei junge Menschen vermittelt. Auf einem&#8230; <a class=\"read-more\" href=\"https:\/\/spirit-of-football.de\/en\/2023\/05\/10\/future-ball-in-malchin-mai-2023\/\">[Read more]<\/a><\/p>\n","protected":false},"author":75,"featured_media":79813,"comment_status":"open","ping_status":"open","sticky":false,"template":"","format":"standard","meta":{"_acf_changed":false,"_jetpack_memberships_contains_paid_content":false,"footnotes":""},"categories":[1770],"tags":[],"class_list":["post-79810","post","type-post","status-publish","format-standard","has-post-thumbnail","hentry","category-future-ball-de"],"acf":[],"jetpack_featured_media_url":"https:\/\/spirit-of-football.de\/wp-content\/uploads\/sites\/12\/2023\/05\/IMG_20230502_115215-scaled.jpg","jetpack_sharing_enabled":true,"_links":{"self":[{"href":"https:\/\/spirit-of-football.de\/en\/wp-json\/wp\/v2\/posts\/79810","targetHints":{"allow":["GET"]}}],"collection":[{"href":"https:\/\/spirit-of-football.de\/en\/wp-json\/wp\/v2\/posts"}],"about":[{"href":"https:\/\/spirit-of-football.de\/en\/wp-json\/wp\/v2\/types\/post"}],"author":[{"embeddable":true,"href":"https:\/\/spirit-of-football.de\/en\/wp-json\/wp\/v2\/users\/75"}],"replies":[{"embeddable":true,"href":"https:\/\/spirit-of-football.de\/en\/wp-json\/wp\/v2\/comments?post=79810"}],"version-history":[{"count":7,"href":"https:\/\/spirit-of-football.de\/en\/wp-json\/wp\/v2\/posts\/79810\/revisions"}],"predecessor-version":[{"id":89468,"href":"https:\/\/spirit-of-football.de\/en\/wp-json\/wp\/v2\/posts\/79810\/revisions\/89468"}],"wp:featuredmedia":[{"embeddable":true,"href":"https:\/\/spirit-of-football.de\/en\/wp-json\/wp\/v2\/media\/79813"}],"wp:attachment":[{"href":"https:\/\/spirit-of-football.de\/en\/wp-json\/wp\/v2\/media?parent=79810"}],"wp:term":[{"taxonomy":"category","embeddable":true,"href":"https:\/\/spirit-of-football.de\/en\/wp-json\/wp\/v2\/categories?post=79810"},{"taxonomy":"post_tag","embeddable":true,"href":"https:\/\/spirit-of-football.de\/en\/wp-json\/wp\/v2\/tags?post=79810"}],"curies":[{"name":"wp","href":"https:\/\/api.w.org\/{rel}","templated":true}]}}