{"id":77795,"date":"2023-03-10T14:37:57","date_gmt":"2023-03-10T13:37:57","guid":{"rendered":"https:\/\/spirit-of-football.de\/?p=77795"},"modified":"2024-02-22T15:11:13","modified_gmt":"2024-02-22T14:11:13","slug":"kick-off-im-maerz-fuer-neues-projekt-future-ball","status":"publish","type":"post","link":"https:\/\/spirit-of-football.de\/en\/2023\/03\/10\/kick-off-im-maerz-fuer-neues-projekt-future-ball\/","title":{"rendered":"Kick-off im M\u00e4rz f\u00fcr neues Projekt &#8222;Future Ball&#8220;"},"content":{"rendered":"<p>Fu\u00dfball und Nachhaltigkeit \u2013 passt das zusammen?<\/p>\n<p>Nicht unbedingt, aber wir m\u00fcssen dar\u00fcber reden! \u00dcber Reisen zu den Spielen, Produktionsketten bei der Bekleidung, das typische Essen im Umfeld der Partien. Und es wird bereits viel getan \u2013 in Stadien, in der Fu\u00dfballindustrie, im Bewusstsein der Spieler und ihren Klubs. Im Vorfeld der EURO 2024 macht Spirit of Football die 17 Nachhaltigkeitsziele der UN in seinen interaktiven Workshops zum Thema. Geplant sind:<\/p>\n<ul>\n<li>4 Trainings of Trainers mit P\u00e4dogog:innen und Multiplikator:innen von Lernort Stadion und RENN.Mitte um bestehende Methoden zu erproben und gemeinsam weiterzuentwickeln<\/li>\n<li>24 zweit\u00e4gige Workshops in ganz Deutschland an Schulen, Lernorten und Fanklubs<\/li>\n<li>3 Graffiti-Projekte, die in Workshops erzielte Ergebnisse darstellen<\/li>\n<li>1 Methodenhandbuch, das die erarbeiteten Module zur Verf\u00fcgung stellt<\/li>\n<li>1 Zug- und Fahrradtour von Future Ball durch das l\u00e4ndliche Deutschland<\/li>\n<li>Social Media und Video-Begleitung um die gewonnenen Erkenntnisse zu dokumentieren<\/li>\n<\/ul>\n<p>Kick-Off ist das erste Training of Trainers von Mittwoch, den 22., bis Donnerstag, den. 23. M\u00e4rz 2023 in Erfurt bei Spirit of Football in der Marktstr. 6. Anmeldungen bis 17.03. bei benni[at]spiritoffootball.de oder ulrike[at]spiritoffootball.de. Wir freuen uns auf euch!<\/p>\n<h3>&#8222;Future Ball &#8211; Fu\u00dfball und Bildung F\u00fcr Nachhaltigkeit Wird gef\u00f6rdert von:<\/h3>\n<p><img loading=\"lazy\" decoding=\"async\" data-attachment-id=\"77801\" data-permalink=\"https:\/\/spirit-of-football.de\/en\/2023\/03\/10\/kick-off-im-maerz-fuer-neues-projekt-future-ball\/dfbkultur-bmi\/\" data-orig-file=\"https:\/\/spirit-of-football.de\/wp-content\/uploads\/sites\/12\/2023\/03\/dfbkultur-BMI.png\" data-orig-size=\"1544,312\" data-comments-opened=\"1\" data-image-meta=\"{&quot;aperture&quot;:&quot;0&quot;,&quot;credit&quot;:&quot;&quot;,&quot;camera&quot;:&quot;&quot;,&quot;caption&quot;:&quot;&quot;,&quot;created_timestamp&quot;:&quot;0&quot;,&quot;copyright&quot;:&quot;&quot;,&quot;focal_length&quot;:&quot;0&quot;,&quot;iso&quot;:&quot;0&quot;,&quot;shutter_speed&quot;:&quot;0&quot;,&quot;title&quot;:&quot;&quot;,&quot;orientation&quot;:&quot;0&quot;}\" data-image-title=\"dfbkultur-BMI\" data-image-description=\"\" data-image-caption=\"\" data-large-file=\"https:\/\/spirit-of-football.de\/wp-content\/uploads\/sites\/12\/2023\/03\/dfbkultur-BMI-1024x207.png\" class=\"alignnone wp-image-77801\" src=\"https:\/\/spirit-of-football.de\/wp-content\/uploads\/sites\/12\/2023\/03\/dfbkultur-BMI.png\" alt=\"\" width=\"494\" height=\"100\" srcset=\"https:\/\/spirit-of-football.de\/wp-content\/uploads\/sites\/12\/2023\/03\/dfbkultur-BMI.png 1544w, https:\/\/spirit-of-football.de\/wp-content\/uploads\/sites\/12\/2023\/03\/dfbkultur-BMI-18x4.png 18w, https:\/\/spirit-of-football.de\/wp-content\/uploads\/sites\/12\/2023\/03\/dfbkultur-BMI-1280x259.png 1280w, https:\/\/spirit-of-football.de\/wp-content\/uploads\/sites\/12\/2023\/03\/dfbkultur-BMI-553x112.png 553w, https:\/\/spirit-of-football.de\/wp-content\/uploads\/sites\/12\/2023\/03\/dfbkultur-BMI-640x129.png 640w, https:\/\/spirit-of-football.de\/wp-content\/uploads\/sites\/12\/2023\/03\/dfbkultur-BMI-618x125.png 618w, https:\/\/spirit-of-football.de\/wp-content\/uploads\/sites\/12\/2023\/03\/dfbkultur-BMI-240x48.png 240w, https:\/\/spirit-of-football.de\/wp-content\/uploads\/sites\/12\/2023\/03\/dfbkultur-BMI-980x198.png 980w, https:\/\/spirit-of-football.de\/wp-content\/uploads\/sites\/12\/2023\/03\/dfbkultur-BMI-300x61.png 300w, https:\/\/spirit-of-football.de\/wp-content\/uploads\/sites\/12\/2023\/03\/dfbkultur-BMI-768x155.png 768w, https:\/\/spirit-of-football.de\/wp-content\/uploads\/sites\/12\/2023\/03\/dfbkultur-BMI-1024x207.png 1024w, https:\/\/spirit-of-football.de\/wp-content\/uploads\/sites\/12\/2023\/03\/dfbkultur-BMI-1536x310.png 1536w, https:\/\/spirit-of-football.de\/wp-content\/uploads\/sites\/12\/2023\/03\/dfbkultur-BMI-500x101.png 500w\" sizes=\"auto, (max-width: 494px) 100vw, 494px\" \/><img loading=\"lazy\" decoding=\"async\" data-attachment-id=\"89265\" data-permalink=\"https:\/\/spirit-of-football.de\/en\/2024\/02\/17\/vom-fussball-beruehrt-anstoss-der-stiftung-fussball-kultur-euro2024-future-ball-war-dabei\/uefa_claim_heimspiel_europa_2zeilig_schwarz_rgb_rz\/\" data-orig-file=\"https:\/\/spirit-of-football.de\/wp-content\/uploads\/sites\/12\/2024\/02\/UEFA_Claim_Heimspiel_Europa_2zeilig_schwarz_RGB_RZ.png\" data-orig-size=\"1314,488\" data-comments-opened=\"1\" data-image-meta=\"{&quot;aperture&quot;:&quot;0&quot;,&quot;credit&quot;:&quot;&quot;,&quot;camera&quot;:&quot;&quot;,&quot;caption&quot;:&quot;&quot;,&quot;created_timestamp&quot;:&quot;0&quot;,&quot;copyright&quot;:&quot;&quot;,&quot;focal_length&quot;:&quot;0&quot;,&quot;iso&quot;:&quot;0&quot;,&quot;shutter_speed&quot;:&quot;0&quot;,&quot;title&quot;:&quot;&quot;,&quot;orientation&quot;:&quot;0&quot;}\" data-image-title=\"UEFA_Claim_Heimspiel_Europa_2zeilig_schwarz_RGB_RZ\" data-image-description=\"\" data-image-caption=\"\" data-large-file=\"https:\/\/spirit-of-football.de\/wp-content\/uploads\/sites\/12\/2024\/02\/UEFA_Claim_Heimspiel_Europa_2zeilig_schwarz_RGB_RZ-1024x380.png\" class=\"alignnone wp-image-89265\" src=\"https:\/\/spirit-of-football.de\/wp-content\/uploads\/sites\/12\/2024\/02\/UEFA_Claim_Heimspiel_Europa_2zeilig_schwarz_RGB_RZ-300x111.png\" alt=\"\" width=\"267\" height=\"99\" srcset=\"https:\/\/spirit-of-football.de\/wp-content\/uploads\/sites\/12\/2024\/02\/UEFA_Claim_Heimspiel_Europa_2zeilig_schwarz_RGB_RZ-300x111.png 300w, https:\/\/spirit-of-football.de\/wp-content\/uploads\/sites\/12\/2024\/02\/UEFA_Claim_Heimspiel_Europa_2zeilig_schwarz_RGB_RZ-18x7.png 18w, https:\/\/spirit-of-football.de\/wp-content\/uploads\/sites\/12\/2024\/02\/UEFA_Claim_Heimspiel_Europa_2zeilig_schwarz_RGB_RZ-1280x475.png 1280w, https:\/\/spirit-of-football.de\/wp-content\/uploads\/sites\/12\/2024\/02\/UEFA_Claim_Heimspiel_Europa_2zeilig_schwarz_RGB_RZ-553x205.png 553w, https:\/\/spirit-of-football.de\/wp-content\/uploads\/sites\/12\/2024\/02\/UEFA_Claim_Heimspiel_Europa_2zeilig_schwarz_RGB_RZ-640x238.png 640w, https:\/\/spirit-of-football.de\/wp-content\/uploads\/sites\/12\/2024\/02\/UEFA_Claim_Heimspiel_Europa_2zeilig_schwarz_RGB_RZ-618x230.png 618w, https:\/\/spirit-of-football.de\/wp-content\/uploads\/sites\/12\/2024\/02\/UEFA_Claim_Heimspiel_Europa_2zeilig_schwarz_RGB_RZ-240x89.png 240w, https:\/\/spirit-of-football.de\/wp-content\/uploads\/sites\/12\/2024\/02\/UEFA_Claim_Heimspiel_Europa_2zeilig_schwarz_RGB_RZ-980x360.png 980w, https:\/\/spirit-of-football.de\/wp-content\/uploads\/sites\/12\/2024\/02\/UEFA_Claim_Heimspiel_Europa_2zeilig_schwarz_RGB_RZ-768x285.png 768w, https:\/\/spirit-of-football.de\/wp-content\/uploads\/sites\/12\/2024\/02\/UEFA_Claim_Heimspiel_Europa_2zeilig_schwarz_RGB_RZ-1024x380.png 1024w, https:\/\/spirit-of-football.de\/wp-content\/uploads\/sites\/12\/2024\/02\/UEFA_Claim_Heimspiel_Europa_2zeilig_schwarz_RGB_RZ-500x186.png 500w, https:\/\/spirit-of-football.de\/wp-content\/uploads\/sites\/12\/2024\/02\/UEFA_Claim_Heimspiel_Europa_2zeilig_schwarz_RGB_RZ.png 1314w\" sizes=\"auto, (max-width: 267px) 100vw, 267px\" \/><br \/>\nIn Kooperation mit:<\/p>\n<p><img loading=\"lazy\" decoding=\"async\" data-attachment-id=\"77800\" data-permalink=\"https:\/\/spirit-of-football.de\/en\/2023\/03\/10\/kick-off-im-maerz-fuer-neues-projekt-future-ball\/lernort-renn\/\" data-orig-file=\"https:\/\/spirit-of-football.de\/wp-content\/uploads\/sites\/12\/2023\/03\/lernort-renn.png\" data-orig-size=\"885,276\" data-comments-opened=\"1\" data-image-meta=\"{&quot;aperture&quot;:&quot;0&quot;,&quot;credit&quot;:&quot;&quot;,&quot;camera&quot;:&quot;&quot;,&quot;caption&quot;:&quot;&quot;,&quot;created_timestamp&quot;:&quot;0&quot;,&quot;copyright&quot;:&quot;&quot;,&quot;focal_length&quot;:&quot;0&quot;,&quot;iso&quot;:&quot;0&quot;,&quot;shutter_speed&quot;:&quot;0&quot;,&quot;title&quot;:&quot;&quot;,&quot;orientation&quot;:&quot;0&quot;}\" data-image-title=\"lernort-renn\" data-image-description=\"\" data-image-caption=\"\" data-large-file=\"https:\/\/spirit-of-football.de\/wp-content\/uploads\/sites\/12\/2023\/03\/lernort-renn.png\" class=\"alignnone wp-image-77800\" src=\"https:\/\/spirit-of-football.de\/wp-content\/uploads\/sites\/12\/2023\/03\/lernort-renn.png\" alt=\"\" width=\"420\" height=\"131\" srcset=\"https:\/\/spirit-of-football.de\/wp-content\/uploads\/sites\/12\/2023\/03\/lernort-renn.png 885w, https:\/\/spirit-of-football.de\/wp-content\/uploads\/sites\/12\/2023\/03\/lernort-renn-18x6.png 18w, https:\/\/spirit-of-football.de\/wp-content\/uploads\/sites\/12\/2023\/03\/lernort-renn-553x172.png 553w, https:\/\/spirit-of-football.de\/wp-content\/uploads\/sites\/12\/2023\/03\/lernort-renn-640x200.png 640w, https:\/\/spirit-of-football.de\/wp-content\/uploads\/sites\/12\/2023\/03\/lernort-renn-618x193.png 618w, https:\/\/spirit-of-football.de\/wp-content\/uploads\/sites\/12\/2023\/03\/lernort-renn-240x75.png 240w, https:\/\/spirit-of-football.de\/wp-content\/uploads\/sites\/12\/2023\/03\/lernort-renn-300x94.png 300w, https:\/\/spirit-of-football.de\/wp-content\/uploads\/sites\/12\/2023\/03\/lernort-renn-768x240.png 768w, https:\/\/spirit-of-football.de\/wp-content\/uploads\/sites\/12\/2023\/03\/lernort-renn-500x156.png 500w\" sizes=\"auto, (max-width: 420px) 100vw, 420px\" \/><\/p>\n","protected":false},"excerpt":{"rendered":"<p>Fu\u00dfball und Nachhaltigkeit \u2013 passt das zusammen? Nicht unbedingt, aber wir m\u00fcssen dar\u00fcber reden! \u00dcber Reisen zu den Spielen, Produktionsketten bei der Bekleidung, das typische Essen im Umfeld der Partien. Und es wird bereits viel getan \u2013 in Stadien, in&#8230; <a class=\"read-more\" href=\"https:\/\/spirit-of-football.de\/en\/2023\/03\/10\/kick-off-im-maerz-fuer-neues-projekt-future-ball\/\">[Read more]<\/a><\/p>\n","protected":false},"author":208,"featured_media":77798,"comment_status":"open","ping_status":"open","sticky":false,"template":"","format":"standard","meta":{"_acf_changed":false,"_jetpack_memberships_contains_paid_content":false,"footnotes":""},"categories":[1770],"tags":[412,1776,1774,250],"class_list":["post-77795","post","type-post","status-publish","format-standard","has-post-thumbnail","hentry","category-future-ball-de","tag-dfb","tag-euro24","tag-future-ball","tag-spirit-of-football"],"acf":[],"jetpack_featured_media_url":"https:\/\/spirit-of-football.de\/wp-content\/uploads\/sites\/12\/2023\/03\/teaser-future-ball.jpg","jetpack_sharing_enabled":true,"_links":{"self":[{"href":"https:\/\/spirit-of-football.de\/en\/wp-json\/wp\/v2\/posts\/77795","targetHints":{"allow":["GET"]}}],"collection":[{"href":"https:\/\/spirit-of-football.de\/en\/wp-json\/wp\/v2\/posts"}],"about":[{"href":"https:\/\/spirit-of-football.de\/en\/wp-json\/wp\/v2\/types\/post"}],"author":[{"embeddable":true,"href":"https:\/\/spirit-of-football.de\/en\/wp-json\/wp\/v2\/users\/208"}],"replies":[{"embeddable":true,"href":"https:\/\/spirit-of-football.de\/en\/wp-json\/wp\/v2\/comments?post=77795"}],"version-history":[{"count":9,"href":"https:\/\/spirit-of-football.de\/en\/wp-json\/wp\/v2\/posts\/77795\/revisions"}],"predecessor-version":[{"id":89465,"href":"https:\/\/spirit-of-football.de\/en\/wp-json\/wp\/v2\/posts\/77795\/revisions\/89465"}],"wp:featuredmedia":[{"embeddable":true,"href":"https:\/\/spirit-of-football.de\/en\/wp-json\/wp\/v2\/media\/77798"}],"wp:attachment":[{"href":"https:\/\/spirit-of-football.de\/en\/wp-json\/wp\/v2\/media?parent=77795"}],"wp:term":[{"taxonomy":"category","embeddable":true,"href":"https:\/\/spirit-of-football.de\/en\/wp-json\/wp\/v2\/categories?post=77795"},{"taxonomy":"post_tag","embeddable":true,"href":"https:\/\/spirit-of-football.de\/en\/wp-json\/wp\/v2\/tags?post=77795"}],"curies":[{"name":"wp","href":"https:\/\/api.w.org\/{rel}","templated":true}]}}