{"id":7628,"date":"2018-04-05T11:03:06","date_gmt":"2018-04-05T09:03:06","guid":{"rendered":"https:\/\/spirit-of-football.de\/?p=7628"},"modified":"2018-04-23T22:51:45","modified_gmt":"2018-04-23T20:51:45","slug":"weimar-der-reisebus-von-autohaus-schinner","status":"publish","type":"post","link":"https:\/\/spirit-of-football.de\/en\/2018\/04\/05\/weimar-der-reisebus-von-autohaus-schinner\/","title":{"rendered":"WEIMAR &#8211; Der Reisebus von Autohaus Schinner"},"content":{"rendered":"<div class=\"sof_mirror\"><a href=\"https:\/\/theball.tv\/2018\/en\/2018\/04\/05\/weimar-the-team-bus-from-autohaus-schinner\/\" class=\"button sof_english_post\">Read this post in English<\/a><\/div><p>Ein Reisebus f\u00fcr Fu\u00dfballprojekt auf dem Weg zur Fu\u00dfball-WM nach Russland &#8211;\u00a0 Autohaus <span class=\"il\">Schinner<\/span> \u00fcbergibt Opel Vivaro an Spirit of Football e.V.<\/p>\n<p><b>Weimar. Fu\u00dfball und Autos: das geht gut zusammen. Nicht nur die gro\u00dfen Fu\u00dfballvereine sind mit automobilen Kooperationen ausgestattet. Was im globalen Sport funktioniert, klappt auch auf regionaler Ebene. <\/b><\/p>\n<p>Am Donnerstagvormittag (5. April) \u00fcbergab Mathias <span class=\"il\">Schinner<\/span> einen Opel Vivaro an das Reiseteam von Spirit of Football e.V. Diese werden in den n\u00e4chsten vier Monaten mit einem Fu\u00dfball \u2018The Ball\u2018 \u00fcber 18.000 Kilometer durch Europa reisen, um im Juni zur Fu\u00dfball-WM in Russland anzukommen. \u201eIch w\u00fcnsche dem Verein und ihrem Ball eine aufregende aber vor allem unfallfreie Reise. Gen\u00fcgend Platz um tolle Eindr\u00fccke und Erlebnisse zu sammeln, ist ja im Bus ausreichend vorhanden.\u201c, sagte Autohauschef <span class=\"il\">Schinner<\/span> bei der offiziellen Schl\u00fcssel\u00fcbergabe.<\/p>\n<div class=\"tiled-gallery type-rectangular tiled-gallery-unresized\" data-original-width=\"1040\" data-carousel-extra='{&quot;blog_id&quot;:12,&quot;permalink&quot;:&quot;https:\\\/\\\/spirit-of-football.de\\\/en\\\/2018\\\/04\\\/05\\\/weimar-der-reisebus-von-autohaus-schinner\\\/&quot;,&quot;likes_blog_id&quot;:false}' itemscope itemtype=\"http:\/\/schema.org\/ImageGallery\" > <div class=\"gallery-row\" style=\"width: 1040px; height: 391px;\" data-original-width=\"1040\" data-original-height=\"391\" > <div class=\"gallery-group images-1\" style=\"width: 520px; height: 391px;\" data-original-width=\"520\" data-original-height=\"391\" > <div class=\"tiled-gallery-item tiled-gallery-item-large\" itemprop=\"associatedMedia\" itemscope itemtype=\"http:\/\/schema.org\/ImageObject\"> <a href=\"https:\/\/spirit-of-football.de\/en\/2018\/04\/05\/weimar-der-reisebus-von-autohaus-schinner\/weimar-06\/\" border=\"0\" itemprop=\"url\"> <meta itemprop=\"width\" content=\"516\"> <meta itemprop=\"height\" content=\"387\"> <img decoding=\"async\" class=\"\" data-attachment-id=\"7773\" data-orig-file=\"https:\/\/spirit-of-football.de\/wp-content\/uploads\/sites\/12\/2018\/04\/Weimar-06.jpg\" data-orig-size=\"1600,1200\" data-comments-opened=\"1\" data-image-meta=\"{&quot;aperture&quot;:&quot;2.4&quot;,&quot;credit&quot;:&quot;&quot;,&quot;camera&quot;:&quot;SM-G965F&quot;,&quot;caption&quot;:&quot;&quot;,&quot;created_timestamp&quot;:&quot;1522765065&quot;,&quot;copyright&quot;:&quot;&quot;,&quot;focal_length&quot;:&quot;4.3&quot;,&quot;iso&quot;:&quot;50&quot;,&quot;shutter_speed&quot;:&quot;0.0020746887966805&quot;,&quot;title&quot;:&quot;&quot;,&quot;orientation&quot;:&quot;1&quot;}\" data-image-title=\"Weimar 06\" data-image-description=\"\" data-medium-file=\"https:\/\/spirit-of-football.de\/wp-content\/uploads\/sites\/12\/2018\/04\/Weimar-06-300x225.jpg\" data-large-file=\"https:\/\/spirit-of-football.de\/wp-content\/uploads\/sites\/12\/2018\/04\/Weimar-06-1024x768.jpg\" src=\"https:\/\/spirit-of-football.de\/wp-content\/uploads\/sites\/12\/2018\/04\/Weimar-06.jpg\" srcset=\"https:\/\/spirit-of-football.de\/wp-content\/uploads\/sites\/12\/2018\/04\/Weimar-06.jpg 1600w, https:\/\/spirit-of-football.de\/wp-content\/uploads\/sites\/12\/2018\/04\/Weimar-06-1536x1152.jpg 1536w, https:\/\/spirit-of-football.de\/wp-content\/uploads\/sites\/12\/2018\/04\/Weimar-06-16x12.jpg 16w, https:\/\/spirit-of-football.de\/wp-content\/uploads\/sites\/12\/2018\/04\/Weimar-06-960x720.jpg 960w, https:\/\/spirit-of-football.de\/wp-content\/uploads\/sites\/12\/2018\/04\/Weimar-06-427x320.jpg 427w, https:\/\/spirit-of-football.de\/wp-content\/uploads\/sites\/12\/2018\/04\/Weimar-06-640x480.jpg 640w, https:\/\/spirit-of-football.de\/wp-content\/uploads\/sites\/12\/2018\/04\/Weimar-06-618x464.jpg 618w, https:\/\/spirit-of-football.de\/wp-content\/uploads\/sites\/12\/2018\/04\/Weimar-06-240x180.jpg 240w, https:\/\/spirit-of-football.de\/wp-content\/uploads\/sites\/12\/2018\/04\/Weimar-06-980x735.jpg 980w, https:\/\/spirit-of-football.de\/wp-content\/uploads\/sites\/12\/2018\/04\/Weimar-06-300x225.jpg 300w, https:\/\/spirit-of-football.de\/wp-content\/uploads\/sites\/12\/2018\/04\/Weimar-06-768x576.jpg 768w, https:\/\/spirit-of-football.de\/wp-content\/uploads\/sites\/12\/2018\/04\/Weimar-06-1024x768.jpg 1024w, https:\/\/spirit-of-football.de\/wp-content\/uploads\/sites\/12\/2018\/04\/Weimar-06-400x300.jpg 400w\" width=\"516\" height=\"387\" loading=\"lazy\" data-original-width=\"516\" data-original-height=\"387\" itemprop=\"http:\/\/schema.org\/image\" title=\"Weimar 06\" alt=\"Weimar 06\" style=\"width: 516px; height: 387px;\" \/> <\/a> <\/div> <\/div> <!-- close group --> <div class=\"gallery-group images-1\" style=\"width: 520px; height: 391px;\" data-original-width=\"520\" data-original-height=\"391\" > <div class=\"tiled-gallery-item tiled-gallery-item-large\" itemprop=\"associatedMedia\" itemscope itemtype=\"http:\/\/schema.org\/ImageObject\"> <a href=\"https:\/\/spirit-of-football.de\/en\/2018\/04\/05\/weimar-der-reisebus-von-autohaus-schinner\/weimar-07\/\" border=\"0\" itemprop=\"url\"> <meta itemprop=\"width\" content=\"516\"> <meta itemprop=\"height\" content=\"387\"> <img decoding=\"async\" class=\"\" data-attachment-id=\"7774\" data-orig-file=\"https:\/\/spirit-of-football.de\/wp-content\/uploads\/sites\/12\/2018\/04\/Weimar-07.jpg\" data-orig-size=\"1600,1200\" data-comments-opened=\"1\" data-image-meta=\"{&quot;aperture&quot;:&quot;2.4&quot;,&quot;credit&quot;:&quot;&quot;,&quot;camera&quot;:&quot;SM-G965F&quot;,&quot;caption&quot;:&quot;&quot;,&quot;created_timestamp&quot;:&quot;1522921979&quot;,&quot;copyright&quot;:&quot;&quot;,&quot;focal_length&quot;:&quot;4.3&quot;,&quot;iso&quot;:&quot;50&quot;,&quot;shutter_speed&quot;:&quot;0.0050761421319797&quot;,&quot;title&quot;:&quot;&quot;,&quot;orientation&quot;:&quot;1&quot;}\" data-image-title=\"Weimar 07\" data-image-description=\"\" data-medium-file=\"https:\/\/spirit-of-football.de\/wp-content\/uploads\/sites\/12\/2018\/04\/Weimar-07-300x225.jpg\" data-large-file=\"https:\/\/spirit-of-football.de\/wp-content\/uploads\/sites\/12\/2018\/04\/Weimar-07-1024x768.jpg\" src=\"https:\/\/spirit-of-football.de\/wp-content\/uploads\/sites\/12\/2018\/04\/Weimar-07.jpg\" srcset=\"https:\/\/spirit-of-football.de\/wp-content\/uploads\/sites\/12\/2018\/04\/Weimar-07.jpg 1600w, https:\/\/spirit-of-football.de\/wp-content\/uploads\/sites\/12\/2018\/04\/Weimar-07-1536x1152.jpg 1536w, https:\/\/spirit-of-football.de\/wp-content\/uploads\/sites\/12\/2018\/04\/Weimar-07-16x12.jpg 16w, https:\/\/spirit-of-football.de\/wp-content\/uploads\/sites\/12\/2018\/04\/Weimar-07-960x720.jpg 960w, https:\/\/spirit-of-football.de\/wp-content\/uploads\/sites\/12\/2018\/04\/Weimar-07-427x320.jpg 427w, https:\/\/spirit-of-football.de\/wp-content\/uploads\/sites\/12\/2018\/04\/Weimar-07-640x480.jpg 640w, https:\/\/spirit-of-football.de\/wp-content\/uploads\/sites\/12\/2018\/04\/Weimar-07-618x464.jpg 618w, https:\/\/spirit-of-football.de\/wp-content\/uploads\/sites\/12\/2018\/04\/Weimar-07-240x180.jpg 240w, https:\/\/spirit-of-football.de\/wp-content\/uploads\/sites\/12\/2018\/04\/Weimar-07-980x735.jpg 980w, https:\/\/spirit-of-football.de\/wp-content\/uploads\/sites\/12\/2018\/04\/Weimar-07-300x225.jpg 300w, https:\/\/spirit-of-football.de\/wp-content\/uploads\/sites\/12\/2018\/04\/Weimar-07-768x576.jpg 768w, https:\/\/spirit-of-football.de\/wp-content\/uploads\/sites\/12\/2018\/04\/Weimar-07-1024x768.jpg 1024w, https:\/\/spirit-of-football.de\/wp-content\/uploads\/sites\/12\/2018\/04\/Weimar-07-400x300.jpg 400w\" width=\"516\" height=\"387\" loading=\"lazy\" data-original-width=\"516\" data-original-height=\"387\" itemprop=\"http:\/\/schema.org\/image\" title=\"Weimar 07\" alt=\"Weimar 07\" style=\"width: 516px; height: 387px;\" \/> <\/a> <\/div> <\/div> <!-- close group --> <\/div> <!-- close row --> <\/div>\n<p>One Ball, One World: Das ist das Motto, unter dem der Erfurter Verein Spirit of Football e.V. bereits zum f\u00fcnften Mal mit \u2018The Ball\u2018 eine Reise zum Austragungsort der Fu\u00dfballweltmeisterschaft durchf\u00fchrt. Mit \u201eFu\u00dfballs olympischer Fackel\u201c wird der DFB-Integrationspreistr\u00e4ger 15 L\u00e4nder bereisen und so f\u00fcr die menschenverbindende Kraft des Sportes aufmerksam machen. In Moskau sollen im Juli mehr als 20.000 Unterschriften auf \u2018The Ball\u2018 verewigt sein. Dazu braucht es nicht viel: nur ein L\u00e4cheln und einen Kopfball, dann darf unterschrieben werden. Zu den prominenten Fans des Projektes geh\u00f6rt unter anderem Liverpools Trainer J\u00fcrgen Klopp, der mit seiner Unterschrift die FairPlay-Botschaft des Balles bereits unterst\u00fctzte.<\/p>\n<p><span class=\"embed-youtube\" style=\"text-align:center; display: block;\"><iframe loading=\"lazy\" class=\"youtube-player\" width=\"1040\" height=\"585\" src=\"https:\/\/www.youtube.com\/embed\/DiJAXbu4tOM?version=3&#038;rel=1&#038;showsearch=0&#038;showinfo=1&#038;iv_load_policy=1&#038;fs=1&#038;hl=en-GB&#038;autohide=2&#038;wmode=transparent\" allowfullscreen=\"true\" style=\"border:0;\" sandbox=\"allow-scripts allow-same-origin allow-popups allow-presentation allow-popups-to-escape-sandbox\"><\/iframe><\/span><\/p>\n<p>\u201eMit dem Opel Vivaro haben wir jetzt einen richtigen Mannschaftsbus.\u201c, freut sich Vereinspr\u00e4sident Andrew Aris, der wei\u00df, wie wichtig Mobilit\u00e4t auf einer Ballreise ist. \u201eBei den vergangenen Ballreisen sind wir mit allem gefahren, was R\u00e4der hatte. Wir freuen uns total, dass wir f\u00fcr diese Reise jetzt einen treuen Begleiter gefunden haben.\u201c, sagt Aris, der einer von insgesamt 12 Balltr\u00e4gerInnen auf der Route von London nach Moskau ist.<\/p>\n<p>Und der Ball hat auch schon einen Lieblingsplatz im Auto: Er h\u00e4ngt in seinem Ball-Netz \u00fcber der Beifahrert\u00fcr und kann die abwechslungsreiche Landschaft genie\u00dfen, die an ihm vorbeizieht. Ein Wiedersehen ist auch schon geplant: Am Sonntag, den 24. Juni zum BvB-Family Cup wird ein Teil des Reiseteams zum Turnier auf dem Lindenberg vor Ort sein und von den Erlebnissen des Balles berichten. Dieser ist dann noch in Russland vor Ort, doch bestimmt wird er eine kleine Videobotschaft an die FairPlay-SpielerInnen des Turniers auf den Lindenberg senden.<\/p>","protected":false},"excerpt":{"rendered":"<p>Ein Reisebus f\u00fcr Fu\u00dfballprojekt auf dem Weg zur Fu\u00dfball-WM nach Russland &#8211;\u00a0 Autohaus Schinner \u00fcbergibt Opel Vivaro an Spirit of Football e.V. Weimar. Fu\u00dfball und Autos: das geht gut zusammen. Nicht nur die gro\u00dfen Fu\u00dfballvereine sind mit automobilen Kooperationen ausgestattet&#8230;. <a class=\"read-more\" href=\"https:\/\/spirit-of-football.de\/en\/2018\/04\/05\/weimar-der-reisebus-von-autohaus-schinner\/\">[Read more]<\/a><\/p>\n","protected":false},"author":75,"featured_media":7771,"comment_status":"open","ping_status":"open","sticky":false,"template":"","format":"standard","meta":{"_acf_changed":false,"_jetpack_memberships_contains_paid_content":false,"footnotes":""},"categories":[674],"tags":[696,697,695],"class_list":["post-7628","post","type-post","status-publish","format-standard","has-post-thumbnail","hentry","category-theball18-blogroll","tag-autohaus-schinner","tag-opel","tag-weimar"],"acf":[],"jetpack_featured_media_url":"https:\/\/spirit-of-football.de\/wp-content\/uploads\/sites\/12\/2018\/04\/teaser-schinner.jpg","jetpack_sharing_enabled":true,"_links":{"self":[{"href":"https:\/\/spirit-of-football.de\/en\/wp-json\/wp\/v2\/posts\/7628","targetHints":{"allow":["GET"]}}],"collection":[{"href":"https:\/\/spirit-of-football.de\/en\/wp-json\/wp\/v2\/posts"}],"about":[{"href":"https:\/\/spirit-of-football.de\/en\/wp-json\/wp\/v2\/types\/post"}],"author":[{"embeddable":true,"href":"https:\/\/spirit-of-football.de\/en\/wp-json\/wp\/v2\/users\/75"}],"replies":[{"embeddable":true,"href":"https:\/\/spirit-of-football.de\/en\/wp-json\/wp\/v2\/comments?post=7628"}],"version-history":[{"count":4,"href":"https:\/\/spirit-of-football.de\/en\/wp-json\/wp\/v2\/posts\/7628\/revisions"}],"predecessor-version":[{"id":7775,"href":"https:\/\/spirit-of-football.de\/en\/wp-json\/wp\/v2\/posts\/7628\/revisions\/7775"}],"wp:featuredmedia":[{"embeddable":true,"href":"https:\/\/spirit-of-football.de\/en\/wp-json\/wp\/v2\/media\/7771"}],"wp:attachment":[{"href":"https:\/\/spirit-of-football.de\/en\/wp-json\/wp\/v2\/media?parent=7628"}],"wp:term":[{"taxonomy":"category","embeddable":true,"href":"https:\/\/spirit-of-football.de\/en\/wp-json\/wp\/v2\/categories?post=7628"},{"taxonomy":"post_tag","embeddable":true,"href":"https:\/\/spirit-of-football.de\/en\/wp-json\/wp\/v2\/tags?post=7628"}],"curies":[{"name":"wp","href":"https:\/\/api.w.org\/{rel}","templated":true}]}}