{"id":70226,"date":"2022-08-02T17:46:22","date_gmt":"2022-08-02T15:46:22","guid":{"rendered":"https:\/\/spirit-of-football.de\/?p=70226"},"modified":"2022-08-02T18:01:38","modified_gmt":"2022-08-02T16:01:38","slug":"tourstart-fuer-the-ball-2022-thueringen-etappe","status":"publish","type":"post","link":"https:\/\/spirit-of-football.de\/en\/2022\/08\/02\/tourstart-fuer-the-ball-2022-thueringen-etappe\/","title":{"rendered":"Tourstart f\u00fcr The Ball 2022 &#8211; Th\u00fcringen Etappe"},"content":{"rendered":"<p>Am Sonntag, den 7. August startet The Ball auf seine &#8222;Tour de Th\u00fcringen&#8220;. Im Klimapavillion auf dem Erfurter Petersberg erwarten wir euch ab 13 Uhr zu einem spannenden Prolog. Im Anschluss radeln wir zusammen zum Sportplatz Bischleben, wo um 16 Uhr FairPlay-Fu\u00dfball gespielt wird.<\/p>\n<p>Vom 8. bis 17. August ist The Ball durch Th\u00fcringen unterwegs, bei der es um die Themen Fairplay und Nachhaltigkeit geht. Die Tour ist eine Etappe der globalen Bildungsreise &#8222;THE BALL 22\/23&#8220; von der Frauen-EM in England zur Frauen-WM in Australien und Neuseeland.<\/p>\n<h3>Interview mit Tourplaner Robert Meyer bei Radio F.R.e.I.<\/h3>\n<p>&nbsp;<\/p>\n<audio class=\"wp-audio-shortcode\" id=\"audio-70226-1\" preload=\"none\" style=\"width: 100%;\" controls=\"controls\"><source type=\"audio\/mpeg\" src=\"https:\/\/audio.radio-frei.de\/podcast\/Unterdessen\/2022\/08%20August\/2022%2008%2002%20Interview%20Robert_sof.mp3?_=1\" \/><a href=\"https:\/\/audio.radio-frei.de\/podcast\/Unterdessen\/2022\/08%20August\/2022%2008%2002%20Interview%20Robert_sof.mp3\">https:\/\/audio.radio-frei.de\/podcast\/Unterdessen\/2022\/08%20August\/2022%2008%2002%20Interview%20Robert_sof.mp3<\/a><\/audio>\n<p><a href=\"https:\/\/radio-frei.de\/index.php?iid=7&amp;ksubmit_show=Artikel&amp;kartikel_id=9402\" target=\"_blank\" rel=\"noopener\">https:\/\/radio-frei.de\/index.php?iid=7&amp;ksubmit_show=Artikel&amp;kartikel_id=9402<\/a><\/p>\n<p>&nbsp;<\/p>\n<h3>Etappenplan:<\/h3>\n<ul>\n<li>Sonntag, 7. August 2022 Erfurt (Klima Pavillon und Sportplatz SV Bischleben)<\/li>\n<li>Montag, 8. August 2022 Ilm-Kreis (EFG G\u00fcldene Pforte)<\/li>\n<li>Dienstag, 9. August 2022 Ilm-Kreis (VSS Ilmenau)<\/li>\n<li>Mittwoch, 10. August 2022 Landkreis Saalfeld-Rudolstadt (Neue Nachbarn Rudolstadt)<\/li>\n<li>Donnerstag, 11. August 2022 Saale-Orla-Kreis (Goals Connect e.V.)<\/li>\n<li>Freitag, 12. August 2022 Jena (FC Carl Zeiss Jena)<\/li>\n<li>Samstag, 13. August 2022 Saale-Holzland-Kreis (Bioenergiedorf Schl\u00f6ben)<\/li>\n<li>Sonntag, 14. August 2022 Weimarer Land (FSV Ilmtal Zottelstedt e.V.)<\/li>\n<li>Montag, 15. August 2022 Weimarer Land (LSB Integration Eckolst\u00e4dt)<\/li>\n<li>Dienstag, 16. August 2022 Weimarer Land (RS Buttelstedt-Berlstedt)<\/li>\n<li>Mittwoch, 17. August 2022 Erfurt (Staatskanzlei, Jugendhaus Domizil)<\/li>\n<\/ul>","protected":false},"excerpt":{"rendered":"<p>Am Sonntag, den 7. August startet The Ball auf seine &#8222;Tour de Th\u00fcringen&#8220;. Im Klimapavillion auf dem Erfurter Petersberg erwarten wir euch ab 13 Uhr zu einem spannenden Prolog. Im Anschluss radeln wir zusammen zum Sportplatz Bischleben, wo um 16&#8230; <a class=\"read-more\" href=\"https:\/\/spirit-of-football.de\/en\/2022\/08\/02\/tourstart-fuer-the-ball-2022-thueringen-etappe\/\">[Read more]<\/a><\/p>\n","protected":false},"author":8,"featured_media":70227,"comment_status":"open","ping_status":"open","sticky":false,"template":"","format":"standard","meta":{"_acf_changed":false,"_jetpack_memberships_contains_paid_content":false,"footnotes":""},"categories":[46],"tags":[246,249],"class_list":["post-70226","post","type-post","status-publish","format-standard","has-post-thumbnail","hentry","category-theball","tag-theball","tag-thueringen"],"acf":[],"jetpack_featured_media_url":"https:\/\/spirit-of-football.de\/wp-content\/uploads\/sites\/12\/2022\/08\/teaser_theball_thueringen.jpg","jetpack_sharing_enabled":true,"_links":{"self":[{"href":"https:\/\/spirit-of-football.de\/en\/wp-json\/wp\/v2\/posts\/70226","targetHints":{"allow":["GET"]}}],"collection":[{"href":"https:\/\/spirit-of-football.de\/en\/wp-json\/wp\/v2\/posts"}],"about":[{"href":"https:\/\/spirit-of-football.de\/en\/wp-json\/wp\/v2\/types\/post"}],"author":[{"embeddable":true,"href":"https:\/\/spirit-of-football.de\/en\/wp-json\/wp\/v2\/users\/8"}],"replies":[{"embeddable":true,"href":"https:\/\/spirit-of-football.de\/en\/wp-json\/wp\/v2\/comments?post=70226"}],"version-history":[{"count":4,"href":"https:\/\/spirit-of-football.de\/en\/wp-json\/wp\/v2\/posts\/70226\/revisions"}],"predecessor-version":[{"id":70231,"href":"https:\/\/spirit-of-football.de\/en\/wp-json\/wp\/v2\/posts\/70226\/revisions\/70231"}],"wp:featuredmedia":[{"embeddable":true,"href":"https:\/\/spirit-of-football.de\/en\/wp-json\/wp\/v2\/media\/70227"}],"wp:attachment":[{"href":"https:\/\/spirit-of-football.de\/en\/wp-json\/wp\/v2\/media?parent=70226"}],"wp:term":[{"taxonomy":"category","embeddable":true,"href":"https:\/\/spirit-of-football.de\/en\/wp-json\/wp\/v2\/categories?post=70226"},{"taxonomy":"post_tag","embeddable":true,"href":"https:\/\/spirit-of-football.de\/en\/wp-json\/wp\/v2\/tags?post=70226"}],"curies":[{"name":"wp","href":"https:\/\/api.w.org\/{rel}","templated":true}]}}