{"id":5793,"date":"2017-02-10T13:08:47","date_gmt":"2017-02-10T12:08:47","guid":{"rendered":"https:\/\/spirit-of-football.de\/?p=5793"},"modified":"2017-02-13T09:26:13","modified_gmt":"2017-02-13T08:26:13","slug":"swfk-erfurt-ffm","status":"publish","type":"post","link":"https:\/\/spirit-of-football.de\/en\/2017\/02\/10\/swfk-erfurt-ffm\/","title":{"rendered":"Kapit\u00e4n &#8222;Andi&#8220; und seine Fan-Kids-Crew landen drei Punkte gegen den FSV Frankfurt"},"content":{"rendered":"<div class=\"gmail_default\" style=\"text-align: justify\"><strong>&#8222;Allerbestes Fluglotsen-Wetter&#8220;, strahlte Kapit\u00e4n Andi \u00fcber beide Ohren. &#8222;Wir sind bereit zum Start in Richtung drei Punkte&#8220;. Mit einer herzlichen Pilotenansage begr\u00fc\u00dften er und Co-Pilot Jens die Steigerwald Fan Kids zum zweiten Mal im Steigerwaldstadion. Nach einer Aufw\u00e4rmrunde auf der Tartan-Runway flog die Besatzung im Block N in lustige H\u00f6hen.<\/strong><\/div>\n<p>&nbsp;<\/p>\n<div class=\"gmail_default\" style=\"text-align: justify\">Die Organisatoren der Steigerwald Fan Kids wollen mit den Mottos die Kinder zu Kreativit\u00e4t, Spa\u00df und vor allem positiven &#8222;Fan-FairHalten&#8220; anregen. Das gemeinsame Stadionerlebnis steht im Mittelpunkt und der faire Umgang untereinander sowie respektvolles Verhalten gegen\u00fcber der G\u00e4stemannschaft wird p\u00e4dagogisch begleitend zelebriert.<\/div>\n<div class=\"gmail_default\" style=\"text-align: justify\"><\/div>\n<div class=\"gmail_default\">\n<h3 style=\"text-align: justify\">Luftbilder aus Block N<\/h3>\n<\/div>\n<div class=\"gmail_default\">\n<div class=\"tiled-gallery type-rectangular tiled-gallery-unresized\" data-original-width=\"1040\" data-carousel-extra='{&quot;blog_id&quot;:12,&quot;permalink&quot;:&quot;https:\\\/\\\/spirit-of-football.de\\\/en\\\/2017\\\/02\\\/10\\\/swfk-erfurt-ffm\\\/&quot;,&quot;likes_blog_id&quot;:false}' itemscope itemtype=\"http:\/\/schema.org\/ImageGallery\" > <div class=\"gallery-row\" style=\"width: 1040px; height: 197px;\" data-original-width=\"1040\" data-original-height=\"197\" > <div class=\"gallery-group images-1\" style=\"width: 347px; height: 197px;\" data-original-width=\"347\" data-original-height=\"197\" > <div class=\"tiled-gallery-item tiled-gallery-item-large\" itemprop=\"associatedMedia\" itemscope itemtype=\"http:\/\/schema.org\/ImageObject\"> <a href=\"https:\/\/spirit-of-football.de\/en\/2017\/02\/10\/swfk-erfurt-ffm\/steigerwald-fan-kids-fc-rwe-fsv-frankfurt-3\/\" border=\"0\" itemprop=\"url\"> <meta itemprop=\"width\" content=\"343\"> <meta itemprop=\"height\" content=\"193\"> <img decoding=\"async\" class=\"\" data-attachment-id=\"5796\" data-orig-file=\"https:\/\/spirit-of-football.de\/wp-content\/uploads\/sites\/12\/2017\/02\/SWFK-RWE-vs-FSV-3.jpg\" data-orig-size=\"1328,747\" data-comments-opened=\"1\" data-image-meta=\"{&quot;aperture&quot;:&quot;0&quot;,&quot;credit&quot;:&quot;SWFK&quot;,&quot;camera&quot;:&quot;&quot;,&quot;caption&quot;:&quot;Steigerwald Fan Kids - FC RWE - FSV Frankfurt&quot;,&quot;created_timestamp&quot;:&quot;0&quot;,&quot;copyright&quot;:&quot;SWFK&quot;,&quot;focal_length&quot;:&quot;0&quot;,&quot;iso&quot;:&quot;0&quot;,&quot;shutter_speed&quot;:&quot;0&quot;,&quot;title&quot;:&quot;Steigerwald Fan Kids - FC RWE - FSV Frankfurt&quot;,&quot;orientation&quot;:&quot;0&quot;}\" data-image-title=\"Steigerwald Fan Kids &amp;#8211; FC RWE &amp;#8211; FSV Frankfurt\" data-image-description=\"\" data-medium-file=\"https:\/\/spirit-of-football.de\/wp-content\/uploads\/sites\/12\/2017\/02\/SWFK-RWE-vs-FSV-3-300x169.jpg\" data-large-file=\"https:\/\/spirit-of-football.de\/wp-content\/uploads\/sites\/12\/2017\/02\/SWFK-RWE-vs-FSV-3-1024x576.jpg\" src=\"https:\/\/spirit-of-football.de\/wp-content\/uploads\/sites\/12\/2017\/02\/SWFK-RWE-vs-FSV-3.jpg\" srcset=\"https:\/\/spirit-of-football.de\/wp-content\/uploads\/sites\/12\/2017\/02\/SWFK-RWE-vs-FSV-3.jpg 1328w, https:\/\/spirit-of-football.de\/wp-content\/uploads\/sites\/12\/2017\/02\/SWFK-RWE-vs-FSV-3-18x10.jpg 18w, https:\/\/spirit-of-football.de\/wp-content\/uploads\/sites\/12\/2017\/02\/SWFK-RWE-vs-FSV-3-1280x720.jpg 1280w, https:\/\/spirit-of-football.de\/wp-content\/uploads\/sites\/12\/2017\/02\/SWFK-RWE-vs-FSV-3-553x311.jpg 553w, https:\/\/spirit-of-football.de\/wp-content\/uploads\/sites\/12\/2017\/02\/SWFK-RWE-vs-FSV-3-640x360.jpg 640w, https:\/\/spirit-of-football.de\/wp-content\/uploads\/sites\/12\/2017\/02\/SWFK-RWE-vs-FSV-3-618x348.jpg 618w, https:\/\/spirit-of-football.de\/wp-content\/uploads\/sites\/12\/2017\/02\/SWFK-RWE-vs-FSV-3-240x135.jpg 240w, https:\/\/spirit-of-football.de\/wp-content\/uploads\/sites\/12\/2017\/02\/SWFK-RWE-vs-FSV-3-980x551.jpg 980w, https:\/\/spirit-of-football.de\/wp-content\/uploads\/sites\/12\/2017\/02\/SWFK-RWE-vs-FSV-3-300x169.jpg 300w, https:\/\/spirit-of-football.de\/wp-content\/uploads\/sites\/12\/2017\/02\/SWFK-RWE-vs-FSV-3-768x432.jpg 768w, https:\/\/spirit-of-football.de\/wp-content\/uploads\/sites\/12\/2017\/02\/SWFK-RWE-vs-FSV-3-1024x576.jpg 1024w, https:\/\/spirit-of-football.de\/wp-content\/uploads\/sites\/12\/2017\/02\/SWFK-RWE-vs-FSV-3-500x281.jpg 500w\" width=\"343\" height=\"193\" loading=\"lazy\" data-original-width=\"343\" data-original-height=\"193\" itemprop=\"http:\/\/schema.org\/image\" title=\"Steigerwald Fan Kids - FC RWE - FSV Frankfurt\" alt=\"Die Crew ist &quot;ready for take-off&quot;\" style=\"width: 343px; height: 193px;\" \/> <\/a> <div class=\"tiled-gallery-caption\" itemprop=\"caption description\"> Die Crew ist &#8222;ready for take-off&#8220; <\/div> <\/div> <\/div> <!-- close group --> <div class=\"gallery-group images-1\" style=\"width: 347px; height: 197px;\" data-original-width=\"347\" data-original-height=\"197\" > <div class=\"tiled-gallery-item tiled-gallery-item-large\" itemprop=\"associatedMedia\" itemscope itemtype=\"http:\/\/schema.org\/ImageObject\"> <a href=\"https:\/\/spirit-of-football.de\/en\/2017\/02\/10\/swfk-erfurt-ffm\/steigerwald-fan-kids-fc-rwe-fsv-frankfurt-10\/\" border=\"0\" itemprop=\"url\"> <meta itemprop=\"width\" content=\"343\"> <meta itemprop=\"height\" content=\"193\"> <img decoding=\"async\" class=\"\" data-attachment-id=\"5803\" data-orig-file=\"https:\/\/spirit-of-football.de\/wp-content\/uploads\/sites\/12\/2017\/02\/SWFK-RWE-vs-FSV-10.jpg\" data-orig-size=\"2048,1152\" data-comments-opened=\"1\" data-image-meta=\"{&quot;aperture&quot;:&quot;0&quot;,&quot;credit&quot;:&quot;SWFK&quot;,&quot;camera&quot;:&quot;&quot;,&quot;caption&quot;:&quot;Steigerwald Fan Kids - FC RWE - FSV Frankfurt&quot;,&quot;created_timestamp&quot;:&quot;0&quot;,&quot;copyright&quot;:&quot;SWFK&quot;,&quot;focal_length&quot;:&quot;0&quot;,&quot;iso&quot;:&quot;0&quot;,&quot;shutter_speed&quot;:&quot;0&quot;,&quot;title&quot;:&quot;Steigerwald Fan Kids - FC RWE - FSV Frankfurt&quot;,&quot;orientation&quot;:&quot;0&quot;}\" data-image-title=\"Steigerwald Fan Kids &amp;#8211; FC RWE &amp;#8211; FSV Frankfurt\" data-image-description=\"\" data-medium-file=\"https:\/\/spirit-of-football.de\/wp-content\/uploads\/sites\/12\/2017\/02\/SWFK-RWE-vs-FSV-10-300x169.jpg\" data-large-file=\"https:\/\/spirit-of-football.de\/wp-content\/uploads\/sites\/12\/2017\/02\/SWFK-RWE-vs-FSV-10-1024x576.jpg\" src=\"https:\/\/spirit-of-football.de\/wp-content\/uploads\/sites\/12\/2017\/02\/SWFK-RWE-vs-FSV-10.jpg\" srcset=\"https:\/\/spirit-of-football.de\/wp-content\/uploads\/sites\/12\/2017\/02\/SWFK-RWE-vs-FSV-10.jpg 2048w, https:\/\/spirit-of-football.de\/wp-content\/uploads\/sites\/12\/2017\/02\/SWFK-RWE-vs-FSV-10-1536x864.jpg 1536w, https:\/\/spirit-of-football.de\/wp-content\/uploads\/sites\/12\/2017\/02\/SWFK-RWE-vs-FSV-10-18x10.jpg 18w, https:\/\/spirit-of-football.de\/wp-content\/uploads\/sites\/12\/2017\/02\/SWFK-RWE-vs-FSV-10-1280x720.jpg 1280w, https:\/\/spirit-of-football.de\/wp-content\/uploads\/sites\/12\/2017\/02\/SWFK-RWE-vs-FSV-10-553x311.jpg 553w, https:\/\/spirit-of-football.de\/wp-content\/uploads\/sites\/12\/2017\/02\/SWFK-RWE-vs-FSV-10-640x360.jpg 640w, https:\/\/spirit-of-football.de\/wp-content\/uploads\/sites\/12\/2017\/02\/SWFK-RWE-vs-FSV-10-618x348.jpg 618w, https:\/\/spirit-of-football.de\/wp-content\/uploads\/sites\/12\/2017\/02\/SWFK-RWE-vs-FSV-10-240x135.jpg 240w, https:\/\/spirit-of-football.de\/wp-content\/uploads\/sites\/12\/2017\/02\/SWFK-RWE-vs-FSV-10-980x551.jpg 980w, https:\/\/spirit-of-football.de\/wp-content\/uploads\/sites\/12\/2017\/02\/SWFK-RWE-vs-FSV-10-300x169.jpg 300w, https:\/\/spirit-of-football.de\/wp-content\/uploads\/sites\/12\/2017\/02\/SWFK-RWE-vs-FSV-10-768x432.jpg 768w, https:\/\/spirit-of-football.de\/wp-content\/uploads\/sites\/12\/2017\/02\/SWFK-RWE-vs-FSV-10-1024x576.jpg 1024w, https:\/\/spirit-of-football.de\/wp-content\/uploads\/sites\/12\/2017\/02\/SWFK-RWE-vs-FSV-10-500x281.jpg 500w\" width=\"343\" height=\"193\" loading=\"lazy\" data-original-width=\"343\" data-original-height=\"193\" itemprop=\"http:\/\/schema.org\/image\" title=\"Steigerwald Fan Kids - FC RWE - FSV Frankfurt\" alt=\"Flug SWFK17 ist zum Starten bereit\" style=\"width: 343px; height: 193px;\" \/> <\/a> <div class=\"tiled-gallery-caption\" itemprop=\"caption description\"> Flug SWFK17 ist zum Starten bereit <\/div> <\/div> <\/div> <!-- close group --> <div class=\"gallery-group images-1\" style=\"width: 346px; height: 197px;\" data-original-width=\"346\" data-original-height=\"197\" > <div class=\"tiled-gallery-item tiled-gallery-item-large\" itemprop=\"associatedMedia\" itemscope itemtype=\"http:\/\/schema.org\/ImageObject\"> <a href=\"https:\/\/spirit-of-football.de\/en\/2017\/02\/10\/swfk-erfurt-ffm\/steigerwald-fan-kids-fc-rwe-fsv-frankfurt-6\/\" border=\"0\" itemprop=\"url\"> <meta itemprop=\"width\" content=\"342\"> <meta itemprop=\"height\" content=\"193\"> <img decoding=\"async\" class=\"\" data-attachment-id=\"5799\" data-orig-file=\"https:\/\/spirit-of-football.de\/wp-content\/uploads\/sites\/12\/2017\/02\/SWFK-RWE-vs-FSV-6.jpg\" data-orig-size=\"2048,1152\" data-comments-opened=\"1\" data-image-meta=\"{&quot;aperture&quot;:&quot;0&quot;,&quot;credit&quot;:&quot;SWFK&quot;,&quot;camera&quot;:&quot;&quot;,&quot;caption&quot;:&quot;Steigerwald Fan Kids - FC RWE - FSV Frankfurt&quot;,&quot;created_timestamp&quot;:&quot;0&quot;,&quot;copyright&quot;:&quot;SWFK&quot;,&quot;focal_length&quot;:&quot;0&quot;,&quot;iso&quot;:&quot;0&quot;,&quot;shutter_speed&quot;:&quot;0&quot;,&quot;title&quot;:&quot;Steigerwald Fan Kids - FC RWE - FSV Frankfurt&quot;,&quot;orientation&quot;:&quot;0&quot;}\" data-image-title=\"Steigerwald Fan Kids &amp;#8211; FC RWE &amp;#8211; FSV Frankfurt\" data-image-description=\"\" data-medium-file=\"https:\/\/spirit-of-football.de\/wp-content\/uploads\/sites\/12\/2017\/02\/SWFK-RWE-vs-FSV-6-300x169.jpg\" data-large-file=\"https:\/\/spirit-of-football.de\/wp-content\/uploads\/sites\/12\/2017\/02\/SWFK-RWE-vs-FSV-6-1024x576.jpg\" src=\"https:\/\/spirit-of-football.de\/wp-content\/uploads\/sites\/12\/2017\/02\/SWFK-RWE-vs-FSV-6.jpg\" srcset=\"https:\/\/spirit-of-football.de\/wp-content\/uploads\/sites\/12\/2017\/02\/SWFK-RWE-vs-FSV-6.jpg 2048w, https:\/\/spirit-of-football.de\/wp-content\/uploads\/sites\/12\/2017\/02\/SWFK-RWE-vs-FSV-6-1536x864.jpg 1536w, https:\/\/spirit-of-football.de\/wp-content\/uploads\/sites\/12\/2017\/02\/SWFK-RWE-vs-FSV-6-18x10.jpg 18w, https:\/\/spirit-of-football.de\/wp-content\/uploads\/sites\/12\/2017\/02\/SWFK-RWE-vs-FSV-6-1280x720.jpg 1280w, https:\/\/spirit-of-football.de\/wp-content\/uploads\/sites\/12\/2017\/02\/SWFK-RWE-vs-FSV-6-553x311.jpg 553w, https:\/\/spirit-of-football.de\/wp-content\/uploads\/sites\/12\/2017\/02\/SWFK-RWE-vs-FSV-6-640x360.jpg 640w, https:\/\/spirit-of-football.de\/wp-content\/uploads\/sites\/12\/2017\/02\/SWFK-RWE-vs-FSV-6-618x348.jpg 618w, https:\/\/spirit-of-football.de\/wp-content\/uploads\/sites\/12\/2017\/02\/SWFK-RWE-vs-FSV-6-240x135.jpg 240w, https:\/\/spirit-of-football.de\/wp-content\/uploads\/sites\/12\/2017\/02\/SWFK-RWE-vs-FSV-6-980x551.jpg 980w, https:\/\/spirit-of-football.de\/wp-content\/uploads\/sites\/12\/2017\/02\/SWFK-RWE-vs-FSV-6-300x169.jpg 300w, https:\/\/spirit-of-football.de\/wp-content\/uploads\/sites\/12\/2017\/02\/SWFK-RWE-vs-FSV-6-768x432.jpg 768w, https:\/\/spirit-of-football.de\/wp-content\/uploads\/sites\/12\/2017\/02\/SWFK-RWE-vs-FSV-6-1024x576.jpg 1024w, https:\/\/spirit-of-football.de\/wp-content\/uploads\/sites\/12\/2017\/02\/SWFK-RWE-vs-FSV-6-500x281.jpg 500w\" width=\"342\" height=\"193\" loading=\"lazy\" data-original-width=\"342\" data-original-height=\"193\" itemprop=\"http:\/\/schema.org\/image\" title=\"Steigerwald Fan Kids - FC RWE - FSV Frankfurt\" alt=\"Flug SWFK17 ist zum Starten bereit\" style=\"width: 342px; height: 193px;\" \/> <\/a> <div class=\"tiled-gallery-caption\" itemprop=\"caption description\"> Flug SWFK17 ist zum Starten bereit <\/div> <\/div> <\/div> <!-- close group --> <\/div> <!-- close row --> <div class=\"gallery-row\" style=\"width: 1040px; height: 294px;\" data-original-width=\"1040\" data-original-height=\"294\" > <div class=\"gallery-group images-1\" style=\"width: 520px; height: 294px;\" data-original-width=\"520\" data-original-height=\"294\" > <div class=\"tiled-gallery-item tiled-gallery-item-large\" itemprop=\"associatedMedia\" itemscope itemtype=\"http:\/\/schema.org\/ImageObject\"> <a href=\"https:\/\/spirit-of-football.de\/en\/2017\/02\/10\/swfk-erfurt-ffm\/steigerwald-fan-kids-fc-rwe-fsv-frankfurt\/\" border=\"0\" itemprop=\"url\"> <meta itemprop=\"width\" content=\"516\"> <meta itemprop=\"height\" content=\"290\"> <img decoding=\"async\" class=\"\" data-attachment-id=\"5794\" data-orig-file=\"https:\/\/spirit-of-football.de\/wp-content\/uploads\/sites\/12\/2017\/02\/SWFK-RWE-vs-FSV-1.jpg\" data-orig-size=\"2048,1152\" data-comments-opened=\"1\" data-image-meta=\"{&quot;aperture&quot;:&quot;0&quot;,&quot;credit&quot;:&quot;SWFK&quot;,&quot;camera&quot;:&quot;&quot;,&quot;caption&quot;:&quot;Steigerwald Fan Kids - FC RWE - FSV Frankfurt&quot;,&quot;created_timestamp&quot;:&quot;0&quot;,&quot;copyright&quot;:&quot;SWFK&quot;,&quot;focal_length&quot;:&quot;0&quot;,&quot;iso&quot;:&quot;0&quot;,&quot;shutter_speed&quot;:&quot;0&quot;,&quot;title&quot;:&quot;Steigerwald Fan Kids - FC RWE - FSV Frankfurt&quot;,&quot;orientation&quot;:&quot;0&quot;}\" data-image-title=\"Steigerwald Fan Kids &amp;#8211; FC RWE &amp;#8211; FSV Frankfurt\" data-image-description=\"\" data-medium-file=\"https:\/\/spirit-of-football.de\/wp-content\/uploads\/sites\/12\/2017\/02\/SWFK-RWE-vs-FSV-1-300x169.jpg\" data-large-file=\"https:\/\/spirit-of-football.de\/wp-content\/uploads\/sites\/12\/2017\/02\/SWFK-RWE-vs-FSV-1-1024x576.jpg\" src=\"https:\/\/spirit-of-football.de\/wp-content\/uploads\/sites\/12\/2017\/02\/SWFK-RWE-vs-FSV-1.jpg\" srcset=\"https:\/\/spirit-of-football.de\/wp-content\/uploads\/sites\/12\/2017\/02\/SWFK-RWE-vs-FSV-1.jpg 2048w, https:\/\/spirit-of-football.de\/wp-content\/uploads\/sites\/12\/2017\/02\/SWFK-RWE-vs-FSV-1-1536x864.jpg 1536w, https:\/\/spirit-of-football.de\/wp-content\/uploads\/sites\/12\/2017\/02\/SWFK-RWE-vs-FSV-1-18x10.jpg 18w, https:\/\/spirit-of-football.de\/wp-content\/uploads\/sites\/12\/2017\/02\/SWFK-RWE-vs-FSV-1-1280x720.jpg 1280w, https:\/\/spirit-of-football.de\/wp-content\/uploads\/sites\/12\/2017\/02\/SWFK-RWE-vs-FSV-1-553x311.jpg 553w, https:\/\/spirit-of-football.de\/wp-content\/uploads\/sites\/12\/2017\/02\/SWFK-RWE-vs-FSV-1-640x360.jpg 640w, https:\/\/spirit-of-football.de\/wp-content\/uploads\/sites\/12\/2017\/02\/SWFK-RWE-vs-FSV-1-618x348.jpg 618w, https:\/\/spirit-of-football.de\/wp-content\/uploads\/sites\/12\/2017\/02\/SWFK-RWE-vs-FSV-1-240x135.jpg 240w, https:\/\/spirit-of-football.de\/wp-content\/uploads\/sites\/12\/2017\/02\/SWFK-RWE-vs-FSV-1-980x551.jpg 980w, https:\/\/spirit-of-football.de\/wp-content\/uploads\/sites\/12\/2017\/02\/SWFK-RWE-vs-FSV-1-300x169.jpg 300w, https:\/\/spirit-of-football.de\/wp-content\/uploads\/sites\/12\/2017\/02\/SWFK-RWE-vs-FSV-1-768x432.jpg 768w, https:\/\/spirit-of-football.de\/wp-content\/uploads\/sites\/12\/2017\/02\/SWFK-RWE-vs-FSV-1-1024x576.jpg 1024w, https:\/\/spirit-of-football.de\/wp-content\/uploads\/sites\/12\/2017\/02\/SWFK-RWE-vs-FSV-1-500x281.jpg 500w\" width=\"516\" height=\"290\" loading=\"lazy\" data-original-width=\"516\" data-original-height=\"290\" itemprop=\"http:\/\/schema.org\/image\" title=\"Steigerwald Fan Kids - FC RWE - FSV Frankfurt\" alt=\"Beim Passieren der Steigerwaldkurve kurzer Zwischenstopp beim Aufw\u00e4rmen der Profis\" style=\"width: 516px; height: 290px;\" \/> <\/a> <div class=\"tiled-gallery-caption\" itemprop=\"caption description\"> Beim Passieren der Steigerwaldkurve kurzer Zwischenstopp beim Aufw\u00e4rmen der Profis <\/div> <\/div> <\/div> <!-- close group --> <div class=\"gallery-group images-1\" style=\"width: 520px; height: 294px;\" data-original-width=\"520\" data-original-height=\"294\" > <div class=\"tiled-gallery-item tiled-gallery-item-large\" itemprop=\"associatedMedia\" itemscope itemtype=\"http:\/\/schema.org\/ImageObject\"> <a href=\"https:\/\/spirit-of-football.de\/en\/2017\/02\/10\/swfk-erfurt-ffm\/steigerwald-fan-kids-fc-rwe-fsv-frankfurt-5\/\" border=\"0\" itemprop=\"url\"> <meta itemprop=\"width\" content=\"516\"> <meta itemprop=\"height\" content=\"290\"> <img decoding=\"async\" class=\"\" data-attachment-id=\"5798\" data-orig-file=\"https:\/\/spirit-of-football.de\/wp-content\/uploads\/sites\/12\/2017\/02\/SWFK-RWE-vs-FSV-5.jpg\" data-orig-size=\"2048,1152\" data-comments-opened=\"1\" data-image-meta=\"{&quot;aperture&quot;:&quot;0&quot;,&quot;credit&quot;:&quot;SWFK&quot;,&quot;camera&quot;:&quot;&quot;,&quot;caption&quot;:&quot;Steigerwald Fan Kids - FC RWE - FSV Frankfurt&quot;,&quot;created_timestamp&quot;:&quot;0&quot;,&quot;copyright&quot;:&quot;SWFK&quot;,&quot;focal_length&quot;:&quot;0&quot;,&quot;iso&quot;:&quot;0&quot;,&quot;shutter_speed&quot;:&quot;0&quot;,&quot;title&quot;:&quot;Steigerwald Fan Kids - FC RWE - FSV Frankfurt&quot;,&quot;orientation&quot;:&quot;0&quot;}\" data-image-title=\"Steigerwald Fan Kids &amp;#8211; FC RWE &amp;#8211; FSV Frankfurt\" data-image-description=\"\" data-medium-file=\"https:\/\/spirit-of-football.de\/wp-content\/uploads\/sites\/12\/2017\/02\/SWFK-RWE-vs-FSV-5-300x169.jpg\" data-large-file=\"https:\/\/spirit-of-football.de\/wp-content\/uploads\/sites\/12\/2017\/02\/SWFK-RWE-vs-FSV-5-1024x576.jpg\" src=\"https:\/\/spirit-of-football.de\/wp-content\/uploads\/sites\/12\/2017\/02\/SWFK-RWE-vs-FSV-5.jpg\" srcset=\"https:\/\/spirit-of-football.de\/wp-content\/uploads\/sites\/12\/2017\/02\/SWFK-RWE-vs-FSV-5.jpg 2048w, https:\/\/spirit-of-football.de\/wp-content\/uploads\/sites\/12\/2017\/02\/SWFK-RWE-vs-FSV-5-1536x864.jpg 1536w, https:\/\/spirit-of-football.de\/wp-content\/uploads\/sites\/12\/2017\/02\/SWFK-RWE-vs-FSV-5-18x10.jpg 18w, https:\/\/spirit-of-football.de\/wp-content\/uploads\/sites\/12\/2017\/02\/SWFK-RWE-vs-FSV-5-1280x720.jpg 1280w, https:\/\/spirit-of-football.de\/wp-content\/uploads\/sites\/12\/2017\/02\/SWFK-RWE-vs-FSV-5-553x311.jpg 553w, https:\/\/spirit-of-football.de\/wp-content\/uploads\/sites\/12\/2017\/02\/SWFK-RWE-vs-FSV-5-640x360.jpg 640w, https:\/\/spirit-of-football.de\/wp-content\/uploads\/sites\/12\/2017\/02\/SWFK-RWE-vs-FSV-5-618x348.jpg 618w, https:\/\/spirit-of-football.de\/wp-content\/uploads\/sites\/12\/2017\/02\/SWFK-RWE-vs-FSV-5-240x135.jpg 240w, https:\/\/spirit-of-football.de\/wp-content\/uploads\/sites\/12\/2017\/02\/SWFK-RWE-vs-FSV-5-980x551.jpg 980w, https:\/\/spirit-of-football.de\/wp-content\/uploads\/sites\/12\/2017\/02\/SWFK-RWE-vs-FSV-5-300x169.jpg 300w, https:\/\/spirit-of-football.de\/wp-content\/uploads\/sites\/12\/2017\/02\/SWFK-RWE-vs-FSV-5-768x432.jpg 768w, https:\/\/spirit-of-football.de\/wp-content\/uploads\/sites\/12\/2017\/02\/SWFK-RWE-vs-FSV-5-1024x576.jpg 1024w, https:\/\/spirit-of-football.de\/wp-content\/uploads\/sites\/12\/2017\/02\/SWFK-RWE-vs-FSV-5-500x281.jpg 500w\" width=\"516\" height=\"290\" loading=\"lazy\" data-original-width=\"516\" data-original-height=\"290\" itemprop=\"http:\/\/schema.org\/image\" title=\"Steigerwald Fan Kids - FC RWE - FSV Frankfurt\" alt=\"Stimmung im Block N\" style=\"width: 516px; height: 290px;\" \/> <\/a> <div class=\"tiled-gallery-caption\" itemprop=\"caption description\"> Stimmung im Block N <\/div> <\/div> <\/div> <!-- close group --> <\/div> <!-- close row --> <div class=\"gallery-row\" style=\"width: 1040px; height: 294px;\" data-original-width=\"1040\" data-original-height=\"294\" > <div class=\"gallery-group images-1\" style=\"width: 520px; height: 294px;\" data-original-width=\"520\" data-original-height=\"294\" > <div class=\"tiled-gallery-item tiled-gallery-item-large\" itemprop=\"associatedMedia\" itemscope itemtype=\"http:\/\/schema.org\/ImageObject\"> <a href=\"https:\/\/spirit-of-football.de\/en\/2017\/02\/10\/swfk-erfurt-ffm\/steigerwald-fan-kids-fc-rwe-fsv-frankfurt-8\/\" border=\"0\" itemprop=\"url\"> <meta itemprop=\"width\" content=\"516\"> <meta itemprop=\"height\" content=\"290\"> <img decoding=\"async\" class=\"\" data-attachment-id=\"5801\" data-orig-file=\"https:\/\/spirit-of-football.de\/wp-content\/uploads\/sites\/12\/2017\/02\/SWFK-RWE-vs-FSV-8.jpg\" data-orig-size=\"2048,1152\" data-comments-opened=\"1\" data-image-meta=\"{&quot;aperture&quot;:&quot;0&quot;,&quot;credit&quot;:&quot;SWFK&quot;,&quot;camera&quot;:&quot;&quot;,&quot;caption&quot;:&quot;Steigerwald Fan Kids - FC RWE - FSV Frankfurt&quot;,&quot;created_timestamp&quot;:&quot;0&quot;,&quot;copyright&quot;:&quot;SWFK&quot;,&quot;focal_length&quot;:&quot;0&quot;,&quot;iso&quot;:&quot;0&quot;,&quot;shutter_speed&quot;:&quot;0&quot;,&quot;title&quot;:&quot;Steigerwald Fan Kids - FC RWE - FSV Frankfurt&quot;,&quot;orientation&quot;:&quot;0&quot;}\" data-image-title=\"Steigerwald Fan Kids &amp;#8211; FC RWE &amp;#8211; FSV Frankfurt\" data-image-description=\"\" data-medium-file=\"https:\/\/spirit-of-football.de\/wp-content\/uploads\/sites\/12\/2017\/02\/SWFK-RWE-vs-FSV-8-300x169.jpg\" data-large-file=\"https:\/\/spirit-of-football.de\/wp-content\/uploads\/sites\/12\/2017\/02\/SWFK-RWE-vs-FSV-8-1024x576.jpg\" src=\"https:\/\/spirit-of-football.de\/wp-content\/uploads\/sites\/12\/2017\/02\/SWFK-RWE-vs-FSV-8.jpg\" srcset=\"https:\/\/spirit-of-football.de\/wp-content\/uploads\/sites\/12\/2017\/02\/SWFK-RWE-vs-FSV-8.jpg 2048w, https:\/\/spirit-of-football.de\/wp-content\/uploads\/sites\/12\/2017\/02\/SWFK-RWE-vs-FSV-8-1536x864.jpg 1536w, https:\/\/spirit-of-football.de\/wp-content\/uploads\/sites\/12\/2017\/02\/SWFK-RWE-vs-FSV-8-18x10.jpg 18w, https:\/\/spirit-of-football.de\/wp-content\/uploads\/sites\/12\/2017\/02\/SWFK-RWE-vs-FSV-8-1280x720.jpg 1280w, https:\/\/spirit-of-football.de\/wp-content\/uploads\/sites\/12\/2017\/02\/SWFK-RWE-vs-FSV-8-553x311.jpg 553w, https:\/\/spirit-of-football.de\/wp-content\/uploads\/sites\/12\/2017\/02\/SWFK-RWE-vs-FSV-8-640x360.jpg 640w, https:\/\/spirit-of-football.de\/wp-content\/uploads\/sites\/12\/2017\/02\/SWFK-RWE-vs-FSV-8-618x348.jpg 618w, https:\/\/spirit-of-football.de\/wp-content\/uploads\/sites\/12\/2017\/02\/SWFK-RWE-vs-FSV-8-240x135.jpg 240w, https:\/\/spirit-of-football.de\/wp-content\/uploads\/sites\/12\/2017\/02\/SWFK-RWE-vs-FSV-8-980x551.jpg 980w, https:\/\/spirit-of-football.de\/wp-content\/uploads\/sites\/12\/2017\/02\/SWFK-RWE-vs-FSV-8-300x169.jpg 300w, https:\/\/spirit-of-football.de\/wp-content\/uploads\/sites\/12\/2017\/02\/SWFK-RWE-vs-FSV-8-768x432.jpg 768w, https:\/\/spirit-of-football.de\/wp-content\/uploads\/sites\/12\/2017\/02\/SWFK-RWE-vs-FSV-8-1024x576.jpg 1024w, https:\/\/spirit-of-football.de\/wp-content\/uploads\/sites\/12\/2017\/02\/SWFK-RWE-vs-FSV-8-500x281.jpg 500w\" width=\"516\" height=\"290\" loading=\"lazy\" data-original-width=\"516\" data-original-height=\"290\" itemprop=\"http:\/\/schema.org\/image\" title=\"Steigerwald Fan Kids - FC RWE - FSV Frankfurt\" alt=\"Stimmung im Block N\" style=\"width: 516px; height: 290px;\" \/> <\/a> <div class=\"tiled-gallery-caption\" itemprop=\"caption description\"> Stimmung im Block N <\/div> <\/div> <\/div> <!-- close group --> <div class=\"gallery-group images-1\" style=\"width: 520px; height: 294px;\" data-original-width=\"520\" data-original-height=\"294\" > <div class=\"tiled-gallery-item tiled-gallery-item-large\" itemprop=\"associatedMedia\" itemscope itemtype=\"http:\/\/schema.org\/ImageObject\"> <a href=\"https:\/\/spirit-of-football.de\/en\/2017\/02\/10\/swfk-erfurt-ffm\/steigerwald-fan-kids-fc-rwe-fsv-frankfurt-11\/\" border=\"0\" itemprop=\"url\"> <meta itemprop=\"width\" content=\"516\"> <meta itemprop=\"height\" content=\"290\"> <img decoding=\"async\" class=\"\" data-attachment-id=\"5805\" data-orig-file=\"https:\/\/spirit-of-football.de\/wp-content\/uploads\/sites\/12\/2017\/02\/SWFK-RWE-vs-FSV-4-1.jpg\" data-orig-size=\"2048,1152\" data-comments-opened=\"1\" data-image-meta=\"{&quot;aperture&quot;:&quot;0&quot;,&quot;credit&quot;:&quot;SWFK&quot;,&quot;camera&quot;:&quot;&quot;,&quot;caption&quot;:&quot;Steigerwald Fan Kids - FC RWE - FSV Frankfurt&quot;,&quot;created_timestamp&quot;:&quot;0&quot;,&quot;copyright&quot;:&quot;SWFK&quot;,&quot;focal_length&quot;:&quot;0&quot;,&quot;iso&quot;:&quot;0&quot;,&quot;shutter_speed&quot;:&quot;0&quot;,&quot;title&quot;:&quot;Steigerwald Fan Kids - FC RWE - FSV Frankfurt&quot;,&quot;orientation&quot;:&quot;0&quot;}\" data-image-title=\"Steigerwald Fan Kids &amp;#8211; FC RWE &amp;#8211; FSV Frankfurt\" data-image-description=\"\" data-medium-file=\"https:\/\/spirit-of-football.de\/wp-content\/uploads\/sites\/12\/2017\/02\/SWFK-RWE-vs-FSV-4-1-300x169.jpg\" data-large-file=\"https:\/\/spirit-of-football.de\/wp-content\/uploads\/sites\/12\/2017\/02\/SWFK-RWE-vs-FSV-4-1-1024x576.jpg\" src=\"https:\/\/spirit-of-football.de\/wp-content\/uploads\/sites\/12\/2017\/02\/SWFK-RWE-vs-FSV-4-1.jpg\" srcset=\"https:\/\/spirit-of-football.de\/wp-content\/uploads\/sites\/12\/2017\/02\/SWFK-RWE-vs-FSV-4-1.jpg 2048w, https:\/\/spirit-of-football.de\/wp-content\/uploads\/sites\/12\/2017\/02\/SWFK-RWE-vs-FSV-4-1-1536x864.jpg 1536w, https:\/\/spirit-of-football.de\/wp-content\/uploads\/sites\/12\/2017\/02\/SWFK-RWE-vs-FSV-4-1-18x10.jpg 18w, https:\/\/spirit-of-football.de\/wp-content\/uploads\/sites\/12\/2017\/02\/SWFK-RWE-vs-FSV-4-1-1280x720.jpg 1280w, https:\/\/spirit-of-football.de\/wp-content\/uploads\/sites\/12\/2017\/02\/SWFK-RWE-vs-FSV-4-1-553x311.jpg 553w, https:\/\/spirit-of-football.de\/wp-content\/uploads\/sites\/12\/2017\/02\/SWFK-RWE-vs-FSV-4-1-640x360.jpg 640w, https:\/\/spirit-of-football.de\/wp-content\/uploads\/sites\/12\/2017\/02\/SWFK-RWE-vs-FSV-4-1-618x348.jpg 618w, https:\/\/spirit-of-football.de\/wp-content\/uploads\/sites\/12\/2017\/02\/SWFK-RWE-vs-FSV-4-1-240x135.jpg 240w, https:\/\/spirit-of-football.de\/wp-content\/uploads\/sites\/12\/2017\/02\/SWFK-RWE-vs-FSV-4-1-980x551.jpg 980w, https:\/\/spirit-of-football.de\/wp-content\/uploads\/sites\/12\/2017\/02\/SWFK-RWE-vs-FSV-4-1-300x169.jpg 300w, https:\/\/spirit-of-football.de\/wp-content\/uploads\/sites\/12\/2017\/02\/SWFK-RWE-vs-FSV-4-1-768x432.jpg 768w, https:\/\/spirit-of-football.de\/wp-content\/uploads\/sites\/12\/2017\/02\/SWFK-RWE-vs-FSV-4-1-1024x576.jpg 1024w, https:\/\/spirit-of-football.de\/wp-content\/uploads\/sites\/12\/2017\/02\/SWFK-RWE-vs-FSV-4-1-500x281.jpg 500w\" width=\"516\" height=\"290\" loading=\"lazy\" data-original-width=\"516\" data-original-height=\"290\" itemprop=\"http:\/\/schema.org\/image\" title=\"Steigerwald Fan Kids - FC RWE - FSV Frankfurt\" alt=\"F\u00fcr den n\u00f6tigen Auftrieb wird gesorgt\" style=\"width: 516px; height: 290px;\" \/> <\/a> <div class=\"tiled-gallery-caption\" itemprop=\"caption description\"> F\u00fcr den n\u00f6tigen Auftrieb wird gesorgt <\/div> <\/div> <\/div> <!-- close group --> <\/div> <!-- close row --> <div class=\"gallery-row\" style=\"width: 1040px; height: 294px;\" data-original-width=\"1040\" data-original-height=\"294\" > <div class=\"gallery-group images-1\" style=\"width: 520px; height: 294px;\" data-original-width=\"520\" data-original-height=\"294\" > <div class=\"tiled-gallery-item tiled-gallery-item-large\" itemprop=\"associatedMedia\" itemscope itemtype=\"http:\/\/schema.org\/ImageObject\"> <a href=\"https:\/\/spirit-of-football.de\/en\/2017\/02\/10\/swfk-erfurt-ffm\/steigerwald-fan-kids-fc-rwe-fsv-frankfurt-9\/\" border=\"0\" itemprop=\"url\"> <meta itemprop=\"width\" content=\"516\"> <meta itemprop=\"height\" content=\"290\"> <img decoding=\"async\" class=\"\" data-attachment-id=\"5802\" data-orig-file=\"https:\/\/spirit-of-football.de\/wp-content\/uploads\/sites\/12\/2017\/02\/SWFK-RWE-vs-FSV-9.jpg\" data-orig-size=\"2048,1152\" data-comments-opened=\"1\" data-image-meta=\"{&quot;aperture&quot;:&quot;0&quot;,&quot;credit&quot;:&quot;SWFK&quot;,&quot;camera&quot;:&quot;&quot;,&quot;caption&quot;:&quot;Steigerwald Fan Kids - FC RWE - FSV Frankfurt&quot;,&quot;created_timestamp&quot;:&quot;0&quot;,&quot;copyright&quot;:&quot;SWFK&quot;,&quot;focal_length&quot;:&quot;0&quot;,&quot;iso&quot;:&quot;0&quot;,&quot;shutter_speed&quot;:&quot;0&quot;,&quot;title&quot;:&quot;Steigerwald Fan Kids - FC RWE - FSV Frankfurt&quot;,&quot;orientation&quot;:&quot;0&quot;}\" data-image-title=\"Steigerwald Fan Kids &amp;#8211; FC RWE &amp;#8211; FSV Frankfurt\" data-image-description=\"\" data-medium-file=\"https:\/\/spirit-of-football.de\/wp-content\/uploads\/sites\/12\/2017\/02\/SWFK-RWE-vs-FSV-9-300x169.jpg\" data-large-file=\"https:\/\/spirit-of-football.de\/wp-content\/uploads\/sites\/12\/2017\/02\/SWFK-RWE-vs-FSV-9-1024x576.jpg\" src=\"https:\/\/spirit-of-football.de\/wp-content\/uploads\/sites\/12\/2017\/02\/SWFK-RWE-vs-FSV-9.jpg\" srcset=\"https:\/\/spirit-of-football.de\/wp-content\/uploads\/sites\/12\/2017\/02\/SWFK-RWE-vs-FSV-9.jpg 2048w, https:\/\/spirit-of-football.de\/wp-content\/uploads\/sites\/12\/2017\/02\/SWFK-RWE-vs-FSV-9-1536x864.jpg 1536w, https:\/\/spirit-of-football.de\/wp-content\/uploads\/sites\/12\/2017\/02\/SWFK-RWE-vs-FSV-9-18x10.jpg 18w, https:\/\/spirit-of-football.de\/wp-content\/uploads\/sites\/12\/2017\/02\/SWFK-RWE-vs-FSV-9-1280x720.jpg 1280w, https:\/\/spirit-of-football.de\/wp-content\/uploads\/sites\/12\/2017\/02\/SWFK-RWE-vs-FSV-9-553x311.jpg 553w, https:\/\/spirit-of-football.de\/wp-content\/uploads\/sites\/12\/2017\/02\/SWFK-RWE-vs-FSV-9-640x360.jpg 640w, https:\/\/spirit-of-football.de\/wp-content\/uploads\/sites\/12\/2017\/02\/SWFK-RWE-vs-FSV-9-618x348.jpg 618w, https:\/\/spirit-of-football.de\/wp-content\/uploads\/sites\/12\/2017\/02\/SWFK-RWE-vs-FSV-9-240x135.jpg 240w, https:\/\/spirit-of-football.de\/wp-content\/uploads\/sites\/12\/2017\/02\/SWFK-RWE-vs-FSV-9-980x551.jpg 980w, https:\/\/spirit-of-football.de\/wp-content\/uploads\/sites\/12\/2017\/02\/SWFK-RWE-vs-FSV-9-300x169.jpg 300w, https:\/\/spirit-of-football.de\/wp-content\/uploads\/sites\/12\/2017\/02\/SWFK-RWE-vs-FSV-9-768x432.jpg 768w, https:\/\/spirit-of-football.de\/wp-content\/uploads\/sites\/12\/2017\/02\/SWFK-RWE-vs-FSV-9-1024x576.jpg 1024w, https:\/\/spirit-of-football.de\/wp-content\/uploads\/sites\/12\/2017\/02\/SWFK-RWE-vs-FSV-9-500x281.jpg 500w\" width=\"516\" height=\"290\" loading=\"lazy\" data-original-width=\"516\" data-original-height=\"290\" itemprop=\"http:\/\/schema.org\/image\" title=\"Steigerwald Fan Kids - FC RWE - FSV Frankfurt\" alt=\"Stimmung im Block N\" style=\"width: 516px; height: 290px;\" \/> <\/a> <div class=\"tiled-gallery-caption\" itemprop=\"caption description\"> Stimmung im Block N <\/div> <\/div> <\/div> <!-- close group --> <div class=\"gallery-group images-1\" style=\"width: 520px; height: 294px;\" data-original-width=\"520\" data-original-height=\"294\" > <div class=\"tiled-gallery-item tiled-gallery-item-large\" itemprop=\"associatedMedia\" itemscope itemtype=\"http:\/\/schema.org\/ImageObject\"> <a href=\"https:\/\/spirit-of-football.de\/en\/2017\/02\/10\/swfk-erfurt-ffm\/steigerwald-fan-kids-fc-rwe-fsv-frankfurt-2\/\" border=\"0\" itemprop=\"url\"> <meta itemprop=\"width\" content=\"516\"> <meta itemprop=\"height\" content=\"290\"> <img decoding=\"async\" class=\"\" data-attachment-id=\"5795\" data-orig-file=\"https:\/\/spirit-of-football.de\/wp-content\/uploads\/sites\/12\/2017\/02\/SWFK-RWE-vs-FSV-2.jpg\" data-orig-size=\"2048,1152\" data-comments-opened=\"1\" data-image-meta=\"{&quot;aperture&quot;:&quot;0&quot;,&quot;credit&quot;:&quot;SWFK&quot;,&quot;camera&quot;:&quot;&quot;,&quot;caption&quot;:&quot;Steigerwald Fan Kids - FC RWE - FSV Frankfurt&quot;,&quot;created_timestamp&quot;:&quot;0&quot;,&quot;copyright&quot;:&quot;SWFK&quot;,&quot;focal_length&quot;:&quot;0&quot;,&quot;iso&quot;:&quot;0&quot;,&quot;shutter_speed&quot;:&quot;0&quot;,&quot;title&quot;:&quot;Steigerwald Fan Kids - FC RWE - FSV Frankfurt&quot;,&quot;orientation&quot;:&quot;0&quot;}\" data-image-title=\"Steigerwald Fan Kids &amp;#8211; FC RWE &amp;#8211; FSV Frankfurt\" data-image-description=\"\" data-medium-file=\"https:\/\/spirit-of-football.de\/wp-content\/uploads\/sites\/12\/2017\/02\/SWFK-RWE-vs-FSV-2-300x169.jpg\" data-large-file=\"https:\/\/spirit-of-football.de\/wp-content\/uploads\/sites\/12\/2017\/02\/SWFK-RWE-vs-FSV-2-1024x576.jpg\" src=\"https:\/\/spirit-of-football.de\/wp-content\/uploads\/sites\/12\/2017\/02\/SWFK-RWE-vs-FSV-2.jpg\" srcset=\"https:\/\/spirit-of-football.de\/wp-content\/uploads\/sites\/12\/2017\/02\/SWFK-RWE-vs-FSV-2.jpg 2048w, https:\/\/spirit-of-football.de\/wp-content\/uploads\/sites\/12\/2017\/02\/SWFK-RWE-vs-FSV-2-1536x864.jpg 1536w, https:\/\/spirit-of-football.de\/wp-content\/uploads\/sites\/12\/2017\/02\/SWFK-RWE-vs-FSV-2-18x10.jpg 18w, https:\/\/spirit-of-football.de\/wp-content\/uploads\/sites\/12\/2017\/02\/SWFK-RWE-vs-FSV-2-1280x720.jpg 1280w, https:\/\/spirit-of-football.de\/wp-content\/uploads\/sites\/12\/2017\/02\/SWFK-RWE-vs-FSV-2-553x311.jpg 553w, https:\/\/spirit-of-football.de\/wp-content\/uploads\/sites\/12\/2017\/02\/SWFK-RWE-vs-FSV-2-640x360.jpg 640w, https:\/\/spirit-of-football.de\/wp-content\/uploads\/sites\/12\/2017\/02\/SWFK-RWE-vs-FSV-2-618x348.jpg 618w, https:\/\/spirit-of-football.de\/wp-content\/uploads\/sites\/12\/2017\/02\/SWFK-RWE-vs-FSV-2-240x135.jpg 240w, https:\/\/spirit-of-football.de\/wp-content\/uploads\/sites\/12\/2017\/02\/SWFK-RWE-vs-FSV-2-980x551.jpg 980w, https:\/\/spirit-of-football.de\/wp-content\/uploads\/sites\/12\/2017\/02\/SWFK-RWE-vs-FSV-2-300x169.jpg 300w, https:\/\/spirit-of-football.de\/wp-content\/uploads\/sites\/12\/2017\/02\/SWFK-RWE-vs-FSV-2-768x432.jpg 768w, https:\/\/spirit-of-football.de\/wp-content\/uploads\/sites\/12\/2017\/02\/SWFK-RWE-vs-FSV-2-1024x576.jpg 1024w, https:\/\/spirit-of-football.de\/wp-content\/uploads\/sites\/12\/2017\/02\/SWFK-RWE-vs-FSV-2-500x281.jpg 500w\" width=\"516\" height=\"290\" loading=\"lazy\" data-original-width=\"516\" data-original-height=\"290\" itemprop=\"http:\/\/schema.org\/image\" title=\"Steigerwald Fan Kids - FC RWE - FSV Frankfurt\" alt=\"La Ola Welle vor dem Heimatflughafen\" style=\"width: 516px; height: 290px;\" \/> <\/a> <div class=\"tiled-gallery-caption\" itemprop=\"caption description\"> La Ola Welle vor dem Heimatflughafen <\/div> <\/div> <\/div> <!-- close group --> <\/div> <!-- close row --> <div class=\"gallery-row\" style=\"width: 1040px; height: 587px;\" data-original-width=\"1040\" data-original-height=\"587\" > <div class=\"gallery-group images-1\" style=\"width: 1040px; height: 587px;\" data-original-width=\"1040\" data-original-height=\"587\" > <div class=\"tiled-gallery-item tiled-gallery-item-large\" itemprop=\"associatedMedia\" itemscope itemtype=\"http:\/\/schema.org\/ImageObject\"> <a href=\"https:\/\/spirit-of-football.de\/en\/2017\/02\/10\/swfk-erfurt-ffm\/steigerwald-fan-kids-fc-rwe-fsv-frankfurt-7\/\" border=\"0\" itemprop=\"url\"> <meta itemprop=\"width\" content=\"1036\"> <meta itemprop=\"height\" content=\"583\"> <img decoding=\"async\" class=\"\" data-attachment-id=\"5800\" data-orig-file=\"https:\/\/spirit-of-football.de\/wp-content\/uploads\/sites\/12\/2017\/02\/SWFK-RWE-vs-FSV-7.jpg\" data-orig-size=\"2048,1152\" data-comments-opened=\"1\" data-image-meta=\"{&quot;aperture&quot;:&quot;0&quot;,&quot;credit&quot;:&quot;SWFK&quot;,&quot;camera&quot;:&quot;&quot;,&quot;caption&quot;:&quot;Steigerwald Fan Kids - FC RWE - FSV Frankfurt&quot;,&quot;created_timestamp&quot;:&quot;0&quot;,&quot;copyright&quot;:&quot;SWFK&quot;,&quot;focal_length&quot;:&quot;0&quot;,&quot;iso&quot;:&quot;0&quot;,&quot;shutter_speed&quot;:&quot;0&quot;,&quot;title&quot;:&quot;Steigerwald Fan Kids - FC RWE - FSV Frankfurt&quot;,&quot;orientation&quot;:&quot;0&quot;}\" data-image-title=\"Steigerwald Fan Kids &amp;#8211; FC RWE &amp;#8211; FSV Frankfurt\" data-image-description=\"\" data-medium-file=\"https:\/\/spirit-of-football.de\/wp-content\/uploads\/sites\/12\/2017\/02\/SWFK-RWE-vs-FSV-7-300x169.jpg\" data-large-file=\"https:\/\/spirit-of-football.de\/wp-content\/uploads\/sites\/12\/2017\/02\/SWFK-RWE-vs-FSV-7-1024x576.jpg\" src=\"https:\/\/spirit-of-football.de\/wp-content\/uploads\/sites\/12\/2017\/02\/SWFK-RWE-vs-FSV-7.jpg\" srcset=\"https:\/\/spirit-of-football.de\/wp-content\/uploads\/sites\/12\/2017\/02\/SWFK-RWE-vs-FSV-7.jpg 2048w, https:\/\/spirit-of-football.de\/wp-content\/uploads\/sites\/12\/2017\/02\/SWFK-RWE-vs-FSV-7-1536x864.jpg 1536w, https:\/\/spirit-of-football.de\/wp-content\/uploads\/sites\/12\/2017\/02\/SWFK-RWE-vs-FSV-7-18x10.jpg 18w, https:\/\/spirit-of-football.de\/wp-content\/uploads\/sites\/12\/2017\/02\/SWFK-RWE-vs-FSV-7-1280x720.jpg 1280w, https:\/\/spirit-of-football.de\/wp-content\/uploads\/sites\/12\/2017\/02\/SWFK-RWE-vs-FSV-7-553x311.jpg 553w, https:\/\/spirit-of-football.de\/wp-content\/uploads\/sites\/12\/2017\/02\/SWFK-RWE-vs-FSV-7-640x360.jpg 640w, https:\/\/spirit-of-football.de\/wp-content\/uploads\/sites\/12\/2017\/02\/SWFK-RWE-vs-FSV-7-618x348.jpg 618w, https:\/\/spirit-of-football.de\/wp-content\/uploads\/sites\/12\/2017\/02\/SWFK-RWE-vs-FSV-7-240x135.jpg 240w, https:\/\/spirit-of-football.de\/wp-content\/uploads\/sites\/12\/2017\/02\/SWFK-RWE-vs-FSV-7-980x551.jpg 980w, https:\/\/spirit-of-football.de\/wp-content\/uploads\/sites\/12\/2017\/02\/SWFK-RWE-vs-FSV-7-300x169.jpg 300w, https:\/\/spirit-of-football.de\/wp-content\/uploads\/sites\/12\/2017\/02\/SWFK-RWE-vs-FSV-7-768x432.jpg 768w, https:\/\/spirit-of-football.de\/wp-content\/uploads\/sites\/12\/2017\/02\/SWFK-RWE-vs-FSV-7-1024x576.jpg 1024w, https:\/\/spirit-of-football.de\/wp-content\/uploads\/sites\/12\/2017\/02\/SWFK-RWE-vs-FSV-7-500x281.jpg 500w\" width=\"1036\" height=\"583\" loading=\"lazy\" data-original-width=\"1036\" data-original-height=\"583\" itemprop=\"http:\/\/schema.org\/image\" title=\"Steigerwald Fan Kids - FC RWE - FSV Frankfurt\" alt=\"La Ola Welle vor dem Heimatflughafen\" style=\"width: 1036px; height: 583px;\" \/> <\/a> <div class=\"tiled-gallery-caption\" itemprop=\"caption description\"> La Ola Welle vor dem Heimatflughafen <\/div> <\/div> <\/div> <!-- close group --> <\/div> <!-- close row --> <\/div>\n<\/div>\n<div class=\"gmail_default\">\u00a0Mit einem freundlichen Aufruf des Flugkapit\u00e4ns wurden dann die G\u00e4ste Richtung Startbahn verabschiedet &#8211; die drei Punkte hatten sie nicht mit an Bord. Die blieben in der Blumenstadt.<\/div>\n<p>&nbsp;<\/p>\n<h3 style=\"text-align: justify\">Die SWFK-Crew auf RWE TV<\/h3>\n<p><a href=\"https:\/\/www.rwe.tv\/video\/18-Spieltag-die-Stimmen-zum-Spieltag\/732f1c54215ce1a1ad37057beafd42a4\" target=\"_blank\"><img loading=\"lazy\" decoding=\"async\" class=\"alignleft\" src=\"https:\/\/spirit-of-football.de\/wp-content\/uploads\/sites\/12\/2017\/02\/bild-swfk-key-web-tv_2.jpg\" alt=\"bild swfk key web tv\" width=\"207\" height=\"119\" \/><\/a><\/p>\n<p>Zum <strong><span style=\"text-decoration: underline\"><a href=\"https:\/\/www.rwe.tv\/video\/21-Spieltag-die-Stimmen-zum-Spieltag\/657d06b586e74e693360af60e9155d7d\" target=\"_blank\">Interview mit Kapit\u00e4n Andi und seiner Crew<\/a><\/span><\/strong> (ab Minute 03:25 bis Minute 04:40) mit dem\u00a0 RWE TV.<\/p>\n<p>&nbsp;<\/p>\n<p>&nbsp;<\/p>\n<p>&nbsp;<\/p>\n<p>Tickets f\u00fcr die Steigerwald Fan Kids k\u00f6nnen im <span style=\"text-decoration: underline\"><strong><a href=\"https:\/\/www.lms-ticket.de\/rwerfurt\/spticket\/stadionplan3.aspx\/Veranstaltungen2\/c896f91c-edcf-47bf-b60e-081d34e16808\/FC_Rot-Weiss_Erfurt_Sportfreunde_Lotte_23._Spieltag.html\" target=\"_blank\">RWE Onlineticketshop<\/a><\/strong><\/span> oder am Spieltag vor dem Kinderbetreuungsraum an der Osttrib\u00fcne gekauft werden. Die Steigerwald Fan Kids ist ein Projekt von Spirit of Football e.V., FANPROJEKT Erfurt und Fanrat Erfurt, unterst\u00fctzt vom FC Rot-Wei\u00df Erfurt.&lt;<\/p>","protected":false},"excerpt":{"rendered":"<p>&#8222;Allerbestes Fluglotsen-Wetter&#8220;, strahlte Kapit\u00e4n Andi \u00fcber beide Ohren. &#8222;Wir sind bereit zum Start in Richtung drei Punkte&#8220;. Mit einer herzlichen Pilotenansage begr\u00fc\u00dften er und Co-Pilot Jens die Steigerwald Fan Kids zum zweiten Mal im Steigerwaldstadion. Nach einer Aufw\u00e4rmrunde auf der&#8230; <a class=\"read-more\" href=\"https:\/\/spirit-of-football.de\/en\/2017\/02\/10\/swfk-erfurt-ffm\/\">[Read more]<\/a><\/p>\n","protected":false},"author":8,"featured_media":5785,"comment_status":"open","ping_status":"open","sticky":false,"template":"","format":"standard","meta":{"_acf_changed":false,"_jetpack_memberships_contains_paid_content":false,"footnotes":""},"categories":[383],"tags":[248,184,387,386],"class_list":["post-5793","post","type-post","status-publish","format-standard","has-post-thumbnail","hentry","category-spiritofswfk-de","tag-erfurt","tag-fc-rot-weiss-erfurt","tag-steigerwald-fan-kids","tag-steigerwaldstadion"],"acf":[],"jetpack_featured_media_url":"https:\/\/spirit-of-football.de\/wp-content\/uploads\/sites\/12\/2017\/02\/Steigerwald-Fan-kids-EF-FSV.jpg","jetpack_sharing_enabled":true,"_links":{"self":[{"href":"https:\/\/spirit-of-football.de\/en\/wp-json\/wp\/v2\/posts\/5793","targetHints":{"allow":["GET"]}}],"collection":[{"href":"https:\/\/spirit-of-football.de\/en\/wp-json\/wp\/v2\/posts"}],"about":[{"href":"https:\/\/spirit-of-football.de\/en\/wp-json\/wp\/v2\/types\/post"}],"author":[{"embeddable":true,"href":"https:\/\/spirit-of-football.de\/en\/wp-json\/wp\/v2\/users\/8"}],"replies":[{"embeddable":true,"href":"https:\/\/spirit-of-football.de\/en\/wp-json\/wp\/v2\/comments?post=5793"}],"version-history":[{"count":12,"href":"https:\/\/spirit-of-football.de\/en\/wp-json\/wp\/v2\/posts\/5793\/revisions"}],"predecessor-version":[{"id":5817,"href":"https:\/\/spirit-of-football.de\/en\/wp-json\/wp\/v2\/posts\/5793\/revisions\/5817"}],"wp:featuredmedia":[{"embeddable":true,"href":"https:\/\/spirit-of-football.de\/en\/wp-json\/wp\/v2\/media\/5785"}],"wp:attachment":[{"href":"https:\/\/spirit-of-football.de\/en\/wp-json\/wp\/v2\/media?parent=5793"}],"wp:term":[{"taxonomy":"category","embeddable":true,"href":"https:\/\/spirit-of-football.de\/en\/wp-json\/wp\/v2\/categories?post=5793"},{"taxonomy":"post_tag","embeddable":true,"href":"https:\/\/spirit-of-football.de\/en\/wp-json\/wp\/v2\/tags?post=5793"}],"curies":[{"name":"wp","href":"https:\/\/api.w.org\/{rel}","templated":true}]}}