{"id":5590,"date":"2017-01-03T14:17:28","date_gmt":"2017-01-03T13:17:28","guid":{"rendered":"https:\/\/spirit-of-football.de\/?p=5590"},"modified":"2017-01-27T14:51:08","modified_gmt":"2017-01-27T13:51:08","slug":"spirit-of-football-fuer-den-dfb-integrationspreis-2017-nominiert","status":"publish","type":"post","link":"https:\/\/spirit-of-football.de\/en\/2017\/01\/03\/spirit-of-football-fuer-den-dfb-integrationspreis-2017-nominiert\/","title":{"rendered":"Spirit of Football f\u00fcr den DFB Integrationspreis 2017 nominiert"},"content":{"rendered":"<p style=\"text-align: justify\"><strong>Das Jahr 2017 startet &#8222;greatartig&#8220;. Zum Jahreswechsel haben wir erfahren, dass unsere Bewerbung zum DFB Integrationspreis 2016 \u201eViele Kulturen &#8211; Eine Leidenschaft\u201c in die letzte Auswahlrunde aufgenommen wurden. Mit der Nominierung wurde Spirit of Football aus 177 Mitbewerbern von der Jury unter die ersten 10 Teilnehmer gew\u00e4hlt. Die Entscheidung \u00fcber die ersten drei Preistr\u00e4ger wird Anfang 2017 bekannt gegeben.<\/strong><\/p>\n<p style=\"text-align: justify\">In diesem Jahr sind die Fr\u00fcchte, die Spirit of Football Anfang 2015 gepflanzt hat, aufgegangen. Aus einer anf\u00e4nglichen Willkommensinitiative hat sich ein gelebtes Integrationsangebot entwickelt. Neue Gesichter und ihre Lebensgeschichten sind inzwischen Teil der Vereinskultur. Als Gefl\u00fcchtete sind sie in Erfurt angekommen und bereichern das Vereinsleben enorm. \u201eSpirit of Welcome\u201c findet w\u00f6chentlich auf Fu\u00dfballfeldern, Turnhallen, bei Freundschaftsspielen und Fu\u00dfballturnieren sowie in Seminar- und Klassenr\u00e4umen statt.<\/p>\n<p style=\"text-align: justify\">Einen gro\u00dfen Anteil am ehrenamtlichen Engagement tragen die Studierenden der Universit\u00e4t Erfurt, die interkulturelle Abende, Sport- und Kreativangebote organisieren. Aus diesem Angebot hat sich eine weltoffene und lebendige \u201ccommunity\u201c gebildet. \u201eViele von uns haben in Ihrem Leben eine Zeit im Ausland verbracht. Egal ob beim Backpacken, im Urlaub oder w\u00e4hrend eines Auslandsemesters &#8211; jeder kennt das Gef\u00fchl irgendwo neu anzukommen und auf Unterst\u00fctzung angewiesen zu sein. Diese Unterst\u00fctzung leisten wir jetzt auch hier in Erfurt.\u201c, beschreibt Robert Fritzsch, einer der Projektverantwortlichen sein langj\u00e4hriges Engagement und erkl\u00e4rt: \u201eIch kann mir kaum eine bessere W\u00fcrdigung f\u00fcr das Projekt vorstellen, als die Nominierung durch den DFB. Es ist toll so eine Best\u00e4tigung in der Arbeit und im Selbstverst\u00e4ndnis zu erfahren.\u201c<\/p>\n<h2 style=\"text-align: justify\">Bilder vom Dienstagstraining in der Turnhalle &#8222;Red Mountain Erfurt&#8220;<\/h2>\n<div class=\"tiled-gallery type-rectangular tiled-gallery-unresized\" data-original-width=\"1040\" data-carousel-extra='{&quot;blog_id&quot;:12,&quot;permalink&quot;:&quot;https:\\\/\\\/spirit-of-football.de\\\/en\\\/2017\\\/01\\\/03\\\/spirit-of-football-fuer-den-dfb-integrationspreis-2017-nominiert\\\/&quot;,&quot;likes_blog_id&quot;:false}' itemscope itemtype=\"http:\/\/schema.org\/ImageGallery\" > <div class=\"gallery-row\" style=\"width: 1040px; height: 464px;\" data-original-width=\"1040\" data-original-height=\"464\" > <div class=\"gallery-group images-1\" style=\"width: 694px; height: 464px;\" data-original-width=\"694\" data-original-height=\"464\" > <div class=\"tiled-gallery-item tiled-gallery-item-large\" itemprop=\"associatedMedia\" itemscope itemtype=\"http:\/\/schema.org\/ImageObject\"> <a href=\"https:\/\/spirit-of-football.de\/en\/2017\/01\/03\/spirit-of-football-fuer-den-dfb-integrationspreis-2017-nominiert\/spirit-of-dfb-integrationspreis_07\/\" border=\"0\" itemprop=\"url\"> <meta itemprop=\"width\" content=\"690\"> <meta itemprop=\"height\" content=\"460\"> <img decoding=\"async\" class=\"\" data-attachment-id=\"5604\" data-orig-file=\"https:\/\/spirit-of-football.de\/wp-content\/uploads\/sites\/12\/2017\/01\/Spirit-of-DFB-Integrationspreis_07.jpg\" data-orig-size=\"1021,680\" data-comments-opened=\"1\" data-image-meta=\"{&quot;aperture&quot;:&quot;2&quot;,&quot;credit&quot;:&quot;HAMISH JOHN APPLEBY&quot;,&quot;camera&quot;:&quot;NIKON D700&quot;,&quot;caption&quot;:&quot;Spa\\u00df und Sport kombiniert mit interkulturellem Austausch - in der Halle, auf dem Platz und im Alltag: das ist Spirit of Welcome. Foto: Hamish John Appleby&quot;,&quot;created_timestamp&quot;:&quot;1480453231&quot;,&quot;copyright&quot;:&quot;HAMISH JOHN APPLEBY&quot;,&quot;focal_length&quot;:&quot;50&quot;,&quot;iso&quot;:&quot;1600&quot;,&quot;shutter_speed&quot;:&quot;0.0025&quot;,&quot;title&quot;:&quot;&quot;,&quot;orientation&quot;:&quot;1&quot;}\" data-image-title=\"Spirit of DFB-Integrationspreis_07\" data-image-description=\"\" data-medium-file=\"https:\/\/spirit-of-football.de\/wp-content\/uploads\/sites\/12\/2017\/01\/Spirit-of-DFB-Integrationspreis_07-300x200.jpg\" data-large-file=\"https:\/\/spirit-of-football.de\/wp-content\/uploads\/sites\/12\/2017\/01\/Spirit-of-DFB-Integrationspreis_07.jpg\" src=\"https:\/\/spirit-of-football.de\/wp-content\/uploads\/sites\/12\/2017\/01\/Spirit-of-DFB-Integrationspreis_07.jpg\" srcset=\"https:\/\/spirit-of-football.de\/wp-content\/uploads\/sites\/12\/2017\/01\/Spirit-of-DFB-Integrationspreis_07.jpg 1021w, https:\/\/spirit-of-football.de\/wp-content\/uploads\/sites\/12\/2017\/01\/Spirit-of-DFB-Integrationspreis_07-18x12.jpg 18w, https:\/\/spirit-of-football.de\/wp-content\/uploads\/sites\/12\/2017\/01\/Spirit-of-DFB-Integrationspreis_07-480x320.jpg 480w, https:\/\/spirit-of-football.de\/wp-content\/uploads\/sites\/12\/2017\/01\/Spirit-of-DFB-Integrationspreis_07-640x426.jpg 640w, https:\/\/spirit-of-football.de\/wp-content\/uploads\/sites\/12\/2017\/01\/Spirit-of-DFB-Integrationspreis_07-618x412.jpg 618w, https:\/\/spirit-of-football.de\/wp-content\/uploads\/sites\/12\/2017\/01\/Spirit-of-DFB-Integrationspreis_07-240x160.jpg 240w, https:\/\/spirit-of-football.de\/wp-content\/uploads\/sites\/12\/2017\/01\/Spirit-of-DFB-Integrationspreis_07-980x653.jpg 980w, https:\/\/spirit-of-football.de\/wp-content\/uploads\/sites\/12\/2017\/01\/Spirit-of-DFB-Integrationspreis_07-300x200.jpg 300w, https:\/\/spirit-of-football.de\/wp-content\/uploads\/sites\/12\/2017\/01\/Spirit-of-DFB-Integrationspreis_07-768x511.jpg 768w, https:\/\/spirit-of-football.de\/wp-content\/uploads\/sites\/12\/2017\/01\/Spirit-of-DFB-Integrationspreis_07-450x300.jpg 450w\" width=\"690\" height=\"460\" loading=\"lazy\" data-original-width=\"690\" data-original-height=\"460\" itemprop=\"http:\/\/schema.org\/image\" title=\"Spirit of DFB-Integrationspreis_07\" alt=\"Spa\u00df und Sport kombiniert mit interkulturellem Austausch - in der Halle, auf dem Platz und im Alltag: das ist Spirit of Welcome. Foto: Hamish John Appleby\" style=\"width: 690px; height: 460px;\" \/> <\/a> <div class=\"tiled-gallery-caption\" itemprop=\"caption description\"> Spa\u00df und Sport kombiniert mit interkulturellem Austausch &#8211; in der Halle, auf dem Platz und im Alltag: das ist Spirit of Welcome. Foto: Hamish John Appleby <\/div> <\/div> <\/div> <!-- close group --> <div class=\"gallery-group images-2\" style=\"width: 346px; height: 464px;\" data-original-width=\"346\" data-original-height=\"464\" > <div class=\"tiled-gallery-item tiled-gallery-item-large\" itemprop=\"associatedMedia\" itemscope itemtype=\"http:\/\/schema.org\/ImageObject\"> <a href=\"https:\/\/spirit-of-football.de\/en\/2017\/01\/03\/spirit-of-football-fuer-den-dfb-integrationspreis-2017-nominiert\/spirit-of-dfb-integrationspreis_10\/\" border=\"0\" itemprop=\"url\"> <meta itemprop=\"width\" content=\"342\"> <meta itemprop=\"height\" content=\"228\"> <img decoding=\"async\" class=\"\" data-attachment-id=\"5597\" data-orig-file=\"https:\/\/spirit-of-football.de\/wp-content\/uploads\/sites\/12\/2017\/01\/Spirit-of-DFB-Integrationspreis_10.jpg\" data-orig-size=\"1021,680\" data-comments-opened=\"1\" data-image-meta=\"{&quot;aperture&quot;:&quot;1.8&quot;,&quot;credit&quot;:&quot;HAMISH JOHN APPLEBY&quot;,&quot;camera&quot;:&quot;NIKON D700&quot;,&quot;caption&quot;:&quot;Spa\\u00df und Sport kombiniert mit interkulturellem Austausch - in der Halle, auf dem Platz und im Alltag: das ist Spirit of Welcome. Foto: Hamish John Appleby&quot;,&quot;created_timestamp&quot;:&quot;1480453231&quot;,&quot;copyright&quot;:&quot;HAMISH JOHN APPLEBY&quot;,&quot;focal_length&quot;:&quot;85&quot;,&quot;iso&quot;:&quot;1000&quot;,&quot;shutter_speed&quot;:&quot;0.0025&quot;,&quot;title&quot;:&quot;&quot;,&quot;orientation&quot;:&quot;1&quot;}\" data-image-title=\"Spirit of DFB-Integrationspreis_10\" data-image-description=\"\" data-medium-file=\"https:\/\/spirit-of-football.de\/wp-content\/uploads\/sites\/12\/2017\/01\/Spirit-of-DFB-Integrationspreis_10-300x200.jpg\" data-large-file=\"https:\/\/spirit-of-football.de\/wp-content\/uploads\/sites\/12\/2017\/01\/Spirit-of-DFB-Integrationspreis_10.jpg\" src=\"https:\/\/spirit-of-football.de\/wp-content\/uploads\/sites\/12\/2017\/01\/Spirit-of-DFB-Integrationspreis_10.jpg\" srcset=\"https:\/\/spirit-of-football.de\/wp-content\/uploads\/sites\/12\/2017\/01\/Spirit-of-DFB-Integrationspreis_10.jpg 1021w, https:\/\/spirit-of-football.de\/wp-content\/uploads\/sites\/12\/2017\/01\/Spirit-of-DFB-Integrationspreis_10-18x12.jpg 18w, https:\/\/spirit-of-football.de\/wp-content\/uploads\/sites\/12\/2017\/01\/Spirit-of-DFB-Integrationspreis_10-480x320.jpg 480w, https:\/\/spirit-of-football.de\/wp-content\/uploads\/sites\/12\/2017\/01\/Spirit-of-DFB-Integrationspreis_10-640x426.jpg 640w, https:\/\/spirit-of-football.de\/wp-content\/uploads\/sites\/12\/2017\/01\/Spirit-of-DFB-Integrationspreis_10-618x412.jpg 618w, https:\/\/spirit-of-football.de\/wp-content\/uploads\/sites\/12\/2017\/01\/Spirit-of-DFB-Integrationspreis_10-240x160.jpg 240w, https:\/\/spirit-of-football.de\/wp-content\/uploads\/sites\/12\/2017\/01\/Spirit-of-DFB-Integrationspreis_10-980x653.jpg 980w, https:\/\/spirit-of-football.de\/wp-content\/uploads\/sites\/12\/2017\/01\/Spirit-of-DFB-Integrationspreis_10-300x200.jpg 300w, https:\/\/spirit-of-football.de\/wp-content\/uploads\/sites\/12\/2017\/01\/Spirit-of-DFB-Integrationspreis_10-768x511.jpg 768w, https:\/\/spirit-of-football.de\/wp-content\/uploads\/sites\/12\/2017\/01\/Spirit-of-DFB-Integrationspreis_10-450x300.jpg 450w\" width=\"342\" height=\"228\" loading=\"lazy\" data-original-width=\"342\" data-original-height=\"228\" itemprop=\"http:\/\/schema.org\/image\" title=\"Spirit of DFB-Integrationspreis_10\" alt=\"Spa\u00df und Sport kombiniert mit interkulturellem Austausch - in der Halle, auf dem Platz und im Alltag: das ist Spirit of Welcome. Foto: Hamish John Appleby\" style=\"width: 342px; height: 228px;\" \/> <\/a> <div class=\"tiled-gallery-caption\" itemprop=\"caption description\"> Spa\u00df und Sport kombiniert mit interkulturellem Austausch &#8211; in der Halle, auf dem Platz und im Alltag: das ist Spirit of Welcome. Foto: Hamish John Appleby <\/div> <\/div> <div class=\"tiled-gallery-item tiled-gallery-item-large\" itemprop=\"associatedMedia\" itemscope itemtype=\"http:\/\/schema.org\/ImageObject\"> <a href=\"https:\/\/spirit-of-football.de\/en\/2017\/01\/03\/spirit-of-football-fuer-den-dfb-integrationspreis-2017-nominiert\/spirit-of-dfb-integrationspreis_02\/\" border=\"0\" itemprop=\"url\"> <meta itemprop=\"width\" content=\"342\"> <meta itemprop=\"height\" content=\"228\"> <img decoding=\"async\" class=\"\" data-attachment-id=\"5599\" data-orig-file=\"https:\/\/spirit-of-football.de\/wp-content\/uploads\/sites\/12\/2017\/01\/Spirit-of-DFB-Integrationspreis_02.jpg\" data-orig-size=\"1021,680\" data-comments-opened=\"1\" data-image-meta=\"{&quot;aperture&quot;:&quot;2&quot;,&quot;credit&quot;:&quot;HAMISH JOHN APPLEBY&quot;,&quot;camera&quot;:&quot;NIKON D700&quot;,&quot;caption&quot;:&quot;Spa\\u00df und Sport kombiniert mit interkulturellem Austausch - in der Halle, auf dem Platz und im Alltag: das ist Spirit of Welcome. Foto: Hamish John Appleby&quot;,&quot;created_timestamp&quot;:&quot;1480453231&quot;,&quot;copyright&quot;:&quot;HAMISH JOHN APPLEBY&quot;,&quot;focal_length&quot;:&quot;24&quot;,&quot;iso&quot;:&quot;1250&quot;,&quot;shutter_speed&quot;:&quot;0.0025&quot;,&quot;title&quot;:&quot;&quot;,&quot;orientation&quot;:&quot;1&quot;}\" data-image-title=\"Spirit of DFB-Integrationspreis_02\" data-image-description=\"\" data-medium-file=\"https:\/\/spirit-of-football.de\/wp-content\/uploads\/sites\/12\/2017\/01\/Spirit-of-DFB-Integrationspreis_02-300x200.jpg\" data-large-file=\"https:\/\/spirit-of-football.de\/wp-content\/uploads\/sites\/12\/2017\/01\/Spirit-of-DFB-Integrationspreis_02.jpg\" src=\"https:\/\/spirit-of-football.de\/wp-content\/uploads\/sites\/12\/2017\/01\/Spirit-of-DFB-Integrationspreis_02.jpg\" srcset=\"https:\/\/spirit-of-football.de\/wp-content\/uploads\/sites\/12\/2017\/01\/Spirit-of-DFB-Integrationspreis_02.jpg 1021w, https:\/\/spirit-of-football.de\/wp-content\/uploads\/sites\/12\/2017\/01\/Spirit-of-DFB-Integrationspreis_02-18x12.jpg 18w, https:\/\/spirit-of-football.de\/wp-content\/uploads\/sites\/12\/2017\/01\/Spirit-of-DFB-Integrationspreis_02-480x320.jpg 480w, https:\/\/spirit-of-football.de\/wp-content\/uploads\/sites\/12\/2017\/01\/Spirit-of-DFB-Integrationspreis_02-640x426.jpg 640w, https:\/\/spirit-of-football.de\/wp-content\/uploads\/sites\/12\/2017\/01\/Spirit-of-DFB-Integrationspreis_02-618x412.jpg 618w, https:\/\/spirit-of-football.de\/wp-content\/uploads\/sites\/12\/2017\/01\/Spirit-of-DFB-Integrationspreis_02-240x160.jpg 240w, https:\/\/spirit-of-football.de\/wp-content\/uploads\/sites\/12\/2017\/01\/Spirit-of-DFB-Integrationspreis_02-980x653.jpg 980w, https:\/\/spirit-of-football.de\/wp-content\/uploads\/sites\/12\/2017\/01\/Spirit-of-DFB-Integrationspreis_02-300x200.jpg 300w, https:\/\/spirit-of-football.de\/wp-content\/uploads\/sites\/12\/2017\/01\/Spirit-of-DFB-Integrationspreis_02-768x511.jpg 768w, https:\/\/spirit-of-football.de\/wp-content\/uploads\/sites\/12\/2017\/01\/Spirit-of-DFB-Integrationspreis_02-450x300.jpg 450w\" width=\"342\" height=\"228\" loading=\"lazy\" data-original-width=\"342\" data-original-height=\"228\" itemprop=\"http:\/\/schema.org\/image\" title=\"Spirit of DFB-Integrationspreis_02\" alt=\"Spa\u00df und Sport kombiniert mit interkulturellem Austausch - in der Halle, auf dem Platz und im Alltag: das ist Spirit of Welcome. Foto: Hamish John Appleby\" style=\"width: 342px; height: 228px;\" \/> <\/a> <div class=\"tiled-gallery-caption\" itemprop=\"caption description\"> Spa\u00df und Sport kombiniert mit interkulturellem Austausch &#8211; in der Halle, auf dem Platz und im Alltag: das ist Spirit of Welcome. Foto: Hamish John Appleby <\/div> <\/div> <\/div> <!-- close group --> <\/div> <!-- close row --> <div class=\"gallery-row\" style=\"width: 1040px; height: 464px;\" data-original-width=\"1040\" data-original-height=\"464\" > <div class=\"gallery-group images-2\" style=\"width: 346px; height: 464px;\" data-original-width=\"346\" data-original-height=\"464\" > <div class=\"tiled-gallery-item tiled-gallery-item-large\" itemprop=\"associatedMedia\" itemscope itemtype=\"http:\/\/schema.org\/ImageObject\"> <a href=\"https:\/\/spirit-of-football.de\/en\/2017\/01\/03\/spirit-of-football-fuer-den-dfb-integrationspreis-2017-nominiert\/spirit-of-dfb-integrationspreis_08\/\" border=\"0\" itemprop=\"url\"> <meta itemprop=\"width\" content=\"342\"> <meta itemprop=\"height\" content=\"228\"> <img decoding=\"async\" class=\"\" data-attachment-id=\"5595\" data-orig-file=\"https:\/\/spirit-of-football.de\/wp-content\/uploads\/sites\/12\/2017\/01\/Spirit-of-DFB-Integrationspreis_08.jpg\" data-orig-size=\"1021,680\" data-comments-opened=\"1\" data-image-meta=\"{&quot;aperture&quot;:&quot;2&quot;,&quot;credit&quot;:&quot;HAMISH JOHN APPLEBY&quot;,&quot;camera&quot;:&quot;NIKON D700&quot;,&quot;caption&quot;:&quot;Spa\\u00df und Sport kombiniert mit interkulturellem Austausch - in der Halle, auf dem Platz und im Alltag: das ist Spirit of Welcome. Foto: Hamish John Appleby&quot;,&quot;created_timestamp&quot;:&quot;1480453231&quot;,&quot;copyright&quot;:&quot;HAMISH JOHN APPLEBY&quot;,&quot;focal_length&quot;:&quot;50&quot;,&quot;iso&quot;:&quot;1600&quot;,&quot;shutter_speed&quot;:&quot;0.0025&quot;,&quot;title&quot;:&quot;&quot;,&quot;orientation&quot;:&quot;1&quot;}\" data-image-title=\"Spirit of DFB-Integrationspreis_08\" data-image-description=\"\" data-medium-file=\"https:\/\/spirit-of-football.de\/wp-content\/uploads\/sites\/12\/2017\/01\/Spirit-of-DFB-Integrationspreis_08-300x200.jpg\" data-large-file=\"https:\/\/spirit-of-football.de\/wp-content\/uploads\/sites\/12\/2017\/01\/Spirit-of-DFB-Integrationspreis_08.jpg\" src=\"https:\/\/spirit-of-football.de\/wp-content\/uploads\/sites\/12\/2017\/01\/Spirit-of-DFB-Integrationspreis_08.jpg\" srcset=\"https:\/\/spirit-of-football.de\/wp-content\/uploads\/sites\/12\/2017\/01\/Spirit-of-DFB-Integrationspreis_08.jpg 1021w, https:\/\/spirit-of-football.de\/wp-content\/uploads\/sites\/12\/2017\/01\/Spirit-of-DFB-Integrationspreis_08-18x12.jpg 18w, https:\/\/spirit-of-football.de\/wp-content\/uploads\/sites\/12\/2017\/01\/Spirit-of-DFB-Integrationspreis_08-480x320.jpg 480w, https:\/\/spirit-of-football.de\/wp-content\/uploads\/sites\/12\/2017\/01\/Spirit-of-DFB-Integrationspreis_08-640x426.jpg 640w, https:\/\/spirit-of-football.de\/wp-content\/uploads\/sites\/12\/2017\/01\/Spirit-of-DFB-Integrationspreis_08-618x412.jpg 618w, https:\/\/spirit-of-football.de\/wp-content\/uploads\/sites\/12\/2017\/01\/Spirit-of-DFB-Integrationspreis_08-240x160.jpg 240w, https:\/\/spirit-of-football.de\/wp-content\/uploads\/sites\/12\/2017\/01\/Spirit-of-DFB-Integrationspreis_08-980x653.jpg 980w, https:\/\/spirit-of-football.de\/wp-content\/uploads\/sites\/12\/2017\/01\/Spirit-of-DFB-Integrationspreis_08-300x200.jpg 300w, https:\/\/spirit-of-football.de\/wp-content\/uploads\/sites\/12\/2017\/01\/Spirit-of-DFB-Integrationspreis_08-768x511.jpg 768w, https:\/\/spirit-of-football.de\/wp-content\/uploads\/sites\/12\/2017\/01\/Spirit-of-DFB-Integrationspreis_08-450x300.jpg 450w\" width=\"342\" height=\"228\" loading=\"lazy\" data-original-width=\"342\" data-original-height=\"228\" itemprop=\"http:\/\/schema.org\/image\" title=\"Spirit of DFB-Integrationspreis_08\" alt=\"Spa\u00df und Sport kombiniert mit interkulturellem Austausch - in der Halle, auf dem Platz und im Alltag: das ist Spirit of Welcome. Foto: Hamish John Appleby\" style=\"width: 342px; height: 228px;\" \/> <\/a> <div class=\"tiled-gallery-caption\" itemprop=\"caption description\"> Spa\u00df und Sport kombiniert mit interkulturellem Austausch &#8211; in der Halle, auf dem Platz und im Alltag: das ist Spirit of Welcome. Foto: Hamish John Appleby <\/div> <\/div> <div class=\"tiled-gallery-item tiled-gallery-item-large\" itemprop=\"associatedMedia\" itemscope itemtype=\"http:\/\/schema.org\/ImageObject\"> <a href=\"https:\/\/spirit-of-football.de\/en\/2017\/01\/03\/spirit-of-football-fuer-den-dfb-integrationspreis-2017-nominiert\/spirit-of-dfb-integrationspreis_04\/\" border=\"0\" itemprop=\"url\"> <meta itemprop=\"width\" content=\"342\"> <meta itemprop=\"height\" content=\"228\"> <img decoding=\"async\" class=\"\" data-attachment-id=\"5601\" data-orig-file=\"https:\/\/spirit-of-football.de\/wp-content\/uploads\/sites\/12\/2017\/01\/Spirit-of-DFB-Integrationspreis_04.jpg\" data-orig-size=\"1021,680\" data-comments-opened=\"1\" data-image-meta=\"{&quot;aperture&quot;:&quot;2&quot;,&quot;credit&quot;:&quot;HAMISH JOHN APPLEBY&quot;,&quot;camera&quot;:&quot;NIKON D700&quot;,&quot;caption&quot;:&quot;Spa\\u00df und Sport kombiniert mit interkulturellem Austausch - in der Halle, auf dem Platz und im Alltag: das ist Spirit of Welcome. Foto: Hamish John Appleby&quot;,&quot;created_timestamp&quot;:&quot;1480453231&quot;,&quot;copyright&quot;:&quot;HAMISH JOHN APPLEBY&quot;,&quot;focal_length&quot;:&quot;24&quot;,&quot;iso&quot;:&quot;1250&quot;,&quot;shutter_speed&quot;:&quot;0.0025&quot;,&quot;title&quot;:&quot;&quot;,&quot;orientation&quot;:&quot;1&quot;}\" data-image-title=\"Spirit of DFB-Integrationspreis_04\" data-image-description=\"\" data-medium-file=\"https:\/\/spirit-of-football.de\/wp-content\/uploads\/sites\/12\/2017\/01\/Spirit-of-DFB-Integrationspreis_04-300x200.jpg\" data-large-file=\"https:\/\/spirit-of-football.de\/wp-content\/uploads\/sites\/12\/2017\/01\/Spirit-of-DFB-Integrationspreis_04.jpg\" src=\"https:\/\/spirit-of-football.de\/wp-content\/uploads\/sites\/12\/2017\/01\/Spirit-of-DFB-Integrationspreis_04.jpg\" srcset=\"https:\/\/spirit-of-football.de\/wp-content\/uploads\/sites\/12\/2017\/01\/Spirit-of-DFB-Integrationspreis_04.jpg 1021w, https:\/\/spirit-of-football.de\/wp-content\/uploads\/sites\/12\/2017\/01\/Spirit-of-DFB-Integrationspreis_04-18x12.jpg 18w, https:\/\/spirit-of-football.de\/wp-content\/uploads\/sites\/12\/2017\/01\/Spirit-of-DFB-Integrationspreis_04-480x320.jpg 480w, https:\/\/spirit-of-football.de\/wp-content\/uploads\/sites\/12\/2017\/01\/Spirit-of-DFB-Integrationspreis_04-640x426.jpg 640w, https:\/\/spirit-of-football.de\/wp-content\/uploads\/sites\/12\/2017\/01\/Spirit-of-DFB-Integrationspreis_04-618x412.jpg 618w, https:\/\/spirit-of-football.de\/wp-content\/uploads\/sites\/12\/2017\/01\/Spirit-of-DFB-Integrationspreis_04-240x160.jpg 240w, https:\/\/spirit-of-football.de\/wp-content\/uploads\/sites\/12\/2017\/01\/Spirit-of-DFB-Integrationspreis_04-980x653.jpg 980w, https:\/\/spirit-of-football.de\/wp-content\/uploads\/sites\/12\/2017\/01\/Spirit-of-DFB-Integrationspreis_04-300x200.jpg 300w, https:\/\/spirit-of-football.de\/wp-content\/uploads\/sites\/12\/2017\/01\/Spirit-of-DFB-Integrationspreis_04-768x511.jpg 768w, https:\/\/spirit-of-football.de\/wp-content\/uploads\/sites\/12\/2017\/01\/Spirit-of-DFB-Integrationspreis_04-450x300.jpg 450w\" width=\"342\" height=\"228\" loading=\"lazy\" data-original-width=\"342\" data-original-height=\"228\" itemprop=\"http:\/\/schema.org\/image\" title=\"Spirit of DFB-Integrationspreis_04\" alt=\"Spa\u00df und Sport kombiniert mit interkulturellem Austausch - in der Halle, auf dem Platz und im Alltag: das ist Spirit of Welcome. Foto: Hamish John Appleby\" style=\"width: 342px; height: 228px;\" \/> <\/a> <div class=\"tiled-gallery-caption\" itemprop=\"caption description\"> Spa\u00df und Sport kombiniert mit interkulturellem Austausch &#8211; in der Halle, auf dem Platz und im Alltag: das ist Spirit of Welcome. Foto: Hamish John Appleby <\/div> <\/div> <\/div> <!-- close group --> <div class=\"gallery-group images-1\" style=\"width: 694px; height: 464px;\" data-original-width=\"694\" data-original-height=\"464\" > <div class=\"tiled-gallery-item tiled-gallery-item-large\" itemprop=\"associatedMedia\" itemscope itemtype=\"http:\/\/schema.org\/ImageObject\"> <a href=\"https:\/\/spirit-of-football.de\/en\/2017\/01\/03\/spirit-of-football-fuer-den-dfb-integrationspreis-2017-nominiert\/spirit-of-dfb-integrationspreis_09\/\" border=\"0\" itemprop=\"url\"> <meta itemprop=\"width\" content=\"690\"> <meta itemprop=\"height\" content=\"460\"> <img decoding=\"async\" class=\"\" data-attachment-id=\"5596\" data-orig-file=\"https:\/\/spirit-of-football.de\/wp-content\/uploads\/sites\/12\/2017\/01\/Spirit-of-DFB-Integrationspreis_09.jpg\" data-orig-size=\"1021,680\" data-comments-opened=\"1\" data-image-meta=\"{&quot;aperture&quot;:&quot;2.5&quot;,&quot;credit&quot;:&quot;HAMISH JOHN APPLEBY&quot;,&quot;camera&quot;:&quot;NIKON D700&quot;,&quot;caption&quot;:&quot;Spa\\u00df und Sport kombiniert mit interkulturellem Austausch - in der Halle, auf dem Platz und im Alltag: das ist Spirit of Welcome. Foto: Hamish John Appleby&quot;,&quot;created_timestamp&quot;:&quot;1480453231&quot;,&quot;copyright&quot;:&quot;HAMISH JOHN APPLEBY&quot;,&quot;focal_length&quot;:&quot;24&quot;,&quot;iso&quot;:&quot;1250&quot;,&quot;shutter_speed&quot;:&quot;0.004&quot;,&quot;title&quot;:&quot;&quot;,&quot;orientation&quot;:&quot;1&quot;}\" data-image-title=\"Spirit of DFB-Integrationspreis_09\" data-image-description=\"\" data-medium-file=\"https:\/\/spirit-of-football.de\/wp-content\/uploads\/sites\/12\/2017\/01\/Spirit-of-DFB-Integrationspreis_09-300x200.jpg\" data-large-file=\"https:\/\/spirit-of-football.de\/wp-content\/uploads\/sites\/12\/2017\/01\/Spirit-of-DFB-Integrationspreis_09.jpg\" src=\"https:\/\/spirit-of-football.de\/wp-content\/uploads\/sites\/12\/2017\/01\/Spirit-of-DFB-Integrationspreis_09.jpg\" srcset=\"https:\/\/spirit-of-football.de\/wp-content\/uploads\/sites\/12\/2017\/01\/Spirit-of-DFB-Integrationspreis_09.jpg 1021w, https:\/\/spirit-of-football.de\/wp-content\/uploads\/sites\/12\/2017\/01\/Spirit-of-DFB-Integrationspreis_09-18x12.jpg 18w, https:\/\/spirit-of-football.de\/wp-content\/uploads\/sites\/12\/2017\/01\/Spirit-of-DFB-Integrationspreis_09-480x320.jpg 480w, https:\/\/spirit-of-football.de\/wp-content\/uploads\/sites\/12\/2017\/01\/Spirit-of-DFB-Integrationspreis_09-640x426.jpg 640w, https:\/\/spirit-of-football.de\/wp-content\/uploads\/sites\/12\/2017\/01\/Spirit-of-DFB-Integrationspreis_09-618x412.jpg 618w, https:\/\/spirit-of-football.de\/wp-content\/uploads\/sites\/12\/2017\/01\/Spirit-of-DFB-Integrationspreis_09-240x160.jpg 240w, https:\/\/spirit-of-football.de\/wp-content\/uploads\/sites\/12\/2017\/01\/Spirit-of-DFB-Integrationspreis_09-980x653.jpg 980w, https:\/\/spirit-of-football.de\/wp-content\/uploads\/sites\/12\/2017\/01\/Spirit-of-DFB-Integrationspreis_09-300x200.jpg 300w, https:\/\/spirit-of-football.de\/wp-content\/uploads\/sites\/12\/2017\/01\/Spirit-of-DFB-Integrationspreis_09-768x511.jpg 768w, https:\/\/spirit-of-football.de\/wp-content\/uploads\/sites\/12\/2017\/01\/Spirit-of-DFB-Integrationspreis_09-450x300.jpg 450w\" width=\"690\" height=\"460\" loading=\"lazy\" data-original-width=\"690\" data-original-height=\"460\" itemprop=\"http:\/\/schema.org\/image\" title=\"Spirit of DFB-Integrationspreis_09\" alt=\"Spa\u00df und Sport kombiniert mit interkulturellem Austausch - in der Halle, auf dem Platz und im Alltag: das ist Spirit of Welcome. Foto: Hamish John Appleby\" style=\"width: 690px; height: 460px;\" \/> <\/a> <div class=\"tiled-gallery-caption\" itemprop=\"caption description\"> Spa\u00df und Sport kombiniert mit interkulturellem Austausch &#8211; in der Halle, auf dem Platz und im Alltag: das ist Spirit of Welcome. Foto: Hamish John Appleby <\/div> <\/div> <\/div> <!-- close group --> <\/div> <!-- close row --> <div class=\"gallery-row\" style=\"width: 1040px; height: 232px;\" data-original-width=\"1040\" data-original-height=\"232\" > <div class=\"gallery-group images-1\" style=\"width: 347px; height: 232px;\" data-original-width=\"347\" data-original-height=\"232\" > <div class=\"tiled-gallery-item tiled-gallery-item-large\" itemprop=\"associatedMedia\" itemscope itemtype=\"http:\/\/schema.org\/ImageObject\"> <a href=\"https:\/\/spirit-of-football.de\/en\/2017\/01\/03\/spirit-of-football-fuer-den-dfb-integrationspreis-2017-nominiert\/spirit-of-dfb-integrationspreis_06\/\" border=\"0\" itemprop=\"url\"> <meta itemprop=\"width\" content=\"343\"> <meta itemprop=\"height\" content=\"228\"> <img decoding=\"async\" class=\"\" data-attachment-id=\"5603\" data-orig-file=\"https:\/\/spirit-of-football.de\/wp-content\/uploads\/sites\/12\/2017\/01\/Spirit-of-DFB-Integrationspreis_06.jpg\" data-orig-size=\"1021,680\" data-comments-opened=\"1\" data-image-meta=\"{&quot;aperture&quot;:&quot;2.5&quot;,&quot;credit&quot;:&quot;HAMISH JOHN APPLEBY&quot;,&quot;camera&quot;:&quot;NIKON D700&quot;,&quot;caption&quot;:&quot;Spa\\u00df und Sport kombiniert mit interkulturellem Austausch - in der Halle, auf dem Platz und im Alltag: das ist Spirit of Welcome. Foto: Hamish John Appleby&quot;,&quot;created_timestamp&quot;:&quot;1480453231&quot;,&quot;copyright&quot;:&quot;HAMISH JOHN APPLEBY&quot;,&quot;focal_length&quot;:&quot;24&quot;,&quot;iso&quot;:&quot;1250&quot;,&quot;shutter_speed&quot;:&quot;0.004&quot;,&quot;title&quot;:&quot;&quot;,&quot;orientation&quot;:&quot;1&quot;}\" data-image-title=\"Spirit of DFB-Integrationspreis_06\" data-image-description=\"\" data-medium-file=\"https:\/\/spirit-of-football.de\/wp-content\/uploads\/sites\/12\/2017\/01\/Spirit-of-DFB-Integrationspreis_06-300x200.jpg\" data-large-file=\"https:\/\/spirit-of-football.de\/wp-content\/uploads\/sites\/12\/2017\/01\/Spirit-of-DFB-Integrationspreis_06.jpg\" src=\"https:\/\/spirit-of-football.de\/wp-content\/uploads\/sites\/12\/2017\/01\/Spirit-of-DFB-Integrationspreis_06.jpg\" srcset=\"https:\/\/spirit-of-football.de\/wp-content\/uploads\/sites\/12\/2017\/01\/Spirit-of-DFB-Integrationspreis_06.jpg 1021w, https:\/\/spirit-of-football.de\/wp-content\/uploads\/sites\/12\/2017\/01\/Spirit-of-DFB-Integrationspreis_06-18x12.jpg 18w, https:\/\/spirit-of-football.de\/wp-content\/uploads\/sites\/12\/2017\/01\/Spirit-of-DFB-Integrationspreis_06-480x320.jpg 480w, https:\/\/spirit-of-football.de\/wp-content\/uploads\/sites\/12\/2017\/01\/Spirit-of-DFB-Integrationspreis_06-640x426.jpg 640w, https:\/\/spirit-of-football.de\/wp-content\/uploads\/sites\/12\/2017\/01\/Spirit-of-DFB-Integrationspreis_06-618x412.jpg 618w, https:\/\/spirit-of-football.de\/wp-content\/uploads\/sites\/12\/2017\/01\/Spirit-of-DFB-Integrationspreis_06-240x160.jpg 240w, https:\/\/spirit-of-football.de\/wp-content\/uploads\/sites\/12\/2017\/01\/Spirit-of-DFB-Integrationspreis_06-980x653.jpg 980w, https:\/\/spirit-of-football.de\/wp-content\/uploads\/sites\/12\/2017\/01\/Spirit-of-DFB-Integrationspreis_06-300x200.jpg 300w, https:\/\/spirit-of-football.de\/wp-content\/uploads\/sites\/12\/2017\/01\/Spirit-of-DFB-Integrationspreis_06-768x511.jpg 768w, https:\/\/spirit-of-football.de\/wp-content\/uploads\/sites\/12\/2017\/01\/Spirit-of-DFB-Integrationspreis_06-450x300.jpg 450w\" width=\"343\" height=\"228\" loading=\"lazy\" data-original-width=\"343\" data-original-height=\"228\" itemprop=\"http:\/\/schema.org\/image\" title=\"Spirit of DFB-Integrationspreis_06\" alt=\"Spa\u00df und Sport kombiniert mit interkulturellem Austausch - in der Halle, auf dem Platz und im Alltag: das ist Spirit of Welcome. Foto: Hamish John Appleby\" style=\"width: 343px; height: 228px;\" \/> <\/a> <div class=\"tiled-gallery-caption\" itemprop=\"caption description\"> Spa\u00df und Sport kombiniert mit interkulturellem Austausch &#8211; in der Halle, auf dem Platz und im Alltag: das ist Spirit of Welcome. Foto: Hamish John Appleby <\/div> <\/div> <\/div> <!-- close group --> <div class=\"gallery-group images-1\" style=\"width: 347px; height: 232px;\" data-original-width=\"347\" data-original-height=\"232\" > <div class=\"tiled-gallery-item tiled-gallery-item-large\" itemprop=\"associatedMedia\" itemscope itemtype=\"http:\/\/schema.org\/ImageObject\"> <a href=\"https:\/\/spirit-of-football.de\/en\/2017\/01\/03\/spirit-of-football-fuer-den-dfb-integrationspreis-2017-nominiert\/spirit-of-dfb-integrationspreis_05\/\" border=\"0\" itemprop=\"url\"> <meta itemprop=\"width\" content=\"343\"> <meta itemprop=\"height\" content=\"228\"> <img decoding=\"async\" class=\"\" data-attachment-id=\"5602\" data-orig-file=\"https:\/\/spirit-of-football.de\/wp-content\/uploads\/sites\/12\/2017\/01\/Spirit-of-DFB-Integrationspreis_05.jpg\" data-orig-size=\"1021,680\" data-comments-opened=\"1\" data-image-meta=\"{&quot;aperture&quot;:&quot;2&quot;,&quot;credit&quot;:&quot;HAMISH JOHN APPLEBY&quot;,&quot;camera&quot;:&quot;NIKON D700&quot;,&quot;caption&quot;:&quot;Spa\\u00df und Sport kombiniert mit interkulturellem Austausch - in der Halle, auf dem Platz und im Alltag: das ist Spirit of Welcome. Foto: Hamish John Appleby&quot;,&quot;created_timestamp&quot;:&quot;1480453231&quot;,&quot;copyright&quot;:&quot;HAMISH JOHN APPLEBY&quot;,&quot;focal_length&quot;:&quot;24&quot;,&quot;iso&quot;:&quot;1600&quot;,&quot;shutter_speed&quot;:&quot;0.0025&quot;,&quot;title&quot;:&quot;&quot;,&quot;orientation&quot;:&quot;1&quot;}\" data-image-title=\"Spirit of DFB-Integrationspreis_05\" data-image-description=\"\" data-medium-file=\"https:\/\/spirit-of-football.de\/wp-content\/uploads\/sites\/12\/2017\/01\/Spirit-of-DFB-Integrationspreis_05-300x200.jpg\" data-large-file=\"https:\/\/spirit-of-football.de\/wp-content\/uploads\/sites\/12\/2017\/01\/Spirit-of-DFB-Integrationspreis_05.jpg\" src=\"https:\/\/spirit-of-football.de\/wp-content\/uploads\/sites\/12\/2017\/01\/Spirit-of-DFB-Integrationspreis_05.jpg\" srcset=\"https:\/\/spirit-of-football.de\/wp-content\/uploads\/sites\/12\/2017\/01\/Spirit-of-DFB-Integrationspreis_05.jpg 1021w, https:\/\/spirit-of-football.de\/wp-content\/uploads\/sites\/12\/2017\/01\/Spirit-of-DFB-Integrationspreis_05-18x12.jpg 18w, https:\/\/spirit-of-football.de\/wp-content\/uploads\/sites\/12\/2017\/01\/Spirit-of-DFB-Integrationspreis_05-480x320.jpg 480w, https:\/\/spirit-of-football.de\/wp-content\/uploads\/sites\/12\/2017\/01\/Spirit-of-DFB-Integrationspreis_05-640x426.jpg 640w, https:\/\/spirit-of-football.de\/wp-content\/uploads\/sites\/12\/2017\/01\/Spirit-of-DFB-Integrationspreis_05-618x412.jpg 618w, https:\/\/spirit-of-football.de\/wp-content\/uploads\/sites\/12\/2017\/01\/Spirit-of-DFB-Integrationspreis_05-240x160.jpg 240w, https:\/\/spirit-of-football.de\/wp-content\/uploads\/sites\/12\/2017\/01\/Spirit-of-DFB-Integrationspreis_05-980x653.jpg 980w, https:\/\/spirit-of-football.de\/wp-content\/uploads\/sites\/12\/2017\/01\/Spirit-of-DFB-Integrationspreis_05-300x200.jpg 300w, https:\/\/spirit-of-football.de\/wp-content\/uploads\/sites\/12\/2017\/01\/Spirit-of-DFB-Integrationspreis_05-768x511.jpg 768w, https:\/\/spirit-of-football.de\/wp-content\/uploads\/sites\/12\/2017\/01\/Spirit-of-DFB-Integrationspreis_05-450x300.jpg 450w\" width=\"343\" height=\"228\" loading=\"lazy\" data-original-width=\"343\" data-original-height=\"228\" itemprop=\"http:\/\/schema.org\/image\" title=\"Spirit of DFB-Integrationspreis_05\" alt=\"Spa\u00df und Sport kombiniert mit interkulturellem Austausch - in der Halle, auf dem Platz und im Alltag: das ist Spirit of Welcome. Foto: Hamish John Appleby\" style=\"width: 343px; height: 228px;\" \/> <\/a> <div class=\"tiled-gallery-caption\" itemprop=\"caption description\"> Spa\u00df und Sport kombiniert mit interkulturellem Austausch &#8211; in der Halle, auf dem Platz und im Alltag: das ist Spirit of Welcome. Foto: Hamish John Appleby <\/div> <\/div> <\/div> <!-- close group --> <div class=\"gallery-group images-1\" style=\"width: 346px; height: 232px;\" data-original-width=\"346\" data-original-height=\"232\" > <div class=\"tiled-gallery-item tiled-gallery-item-large\" itemprop=\"associatedMedia\" itemscope itemtype=\"http:\/\/schema.org\/ImageObject\"> <a href=\"https:\/\/spirit-of-football.de\/en\/2017\/01\/03\/spirit-of-football-fuer-den-dfb-integrationspreis-2017-nominiert\/spirit-of-dfb-integrationspreis_03\/\" border=\"0\" itemprop=\"url\"> <meta itemprop=\"width\" content=\"342\"> <meta itemprop=\"height\" content=\"228\"> <img decoding=\"async\" class=\"\" data-attachment-id=\"5600\" data-orig-file=\"https:\/\/spirit-of-football.de\/wp-content\/uploads\/sites\/12\/2017\/01\/Spirit-of-DFB-Integrationspreis_03.jpg\" data-orig-size=\"1021,680\" data-comments-opened=\"1\" data-image-meta=\"{&quot;aperture&quot;:&quot;2&quot;,&quot;credit&quot;:&quot;HAMISH JOHN APPLEBY&quot;,&quot;camera&quot;:&quot;NIKON D700&quot;,&quot;caption&quot;:&quot;Spa\\u00df und Sport kombiniert mit interkulturellem Austausch - in der Halle, auf dem Platz und im Alltag: das ist Spirit of Welcome. Foto: Hamish John Appleby&quot;,&quot;created_timestamp&quot;:&quot;1480453231&quot;,&quot;copyright&quot;:&quot;HAMISH JOHN APPLEBY&quot;,&quot;focal_length&quot;:&quot;50&quot;,&quot;iso&quot;:&quot;1600&quot;,&quot;shutter_speed&quot;:&quot;0.0025&quot;,&quot;title&quot;:&quot;&quot;,&quot;orientation&quot;:&quot;1&quot;}\" data-image-title=\"Spirit of DFB-Integrationspreis_03\" data-image-description=\"\" data-medium-file=\"https:\/\/spirit-of-football.de\/wp-content\/uploads\/sites\/12\/2017\/01\/Spirit-of-DFB-Integrationspreis_03-300x200.jpg\" data-large-file=\"https:\/\/spirit-of-football.de\/wp-content\/uploads\/sites\/12\/2017\/01\/Spirit-of-DFB-Integrationspreis_03.jpg\" src=\"https:\/\/spirit-of-football.de\/wp-content\/uploads\/sites\/12\/2017\/01\/Spirit-of-DFB-Integrationspreis_03.jpg\" srcset=\"https:\/\/spirit-of-football.de\/wp-content\/uploads\/sites\/12\/2017\/01\/Spirit-of-DFB-Integrationspreis_03.jpg 1021w, https:\/\/spirit-of-football.de\/wp-content\/uploads\/sites\/12\/2017\/01\/Spirit-of-DFB-Integrationspreis_03-18x12.jpg 18w, https:\/\/spirit-of-football.de\/wp-content\/uploads\/sites\/12\/2017\/01\/Spirit-of-DFB-Integrationspreis_03-480x320.jpg 480w, https:\/\/spirit-of-football.de\/wp-content\/uploads\/sites\/12\/2017\/01\/Spirit-of-DFB-Integrationspreis_03-640x426.jpg 640w, https:\/\/spirit-of-football.de\/wp-content\/uploads\/sites\/12\/2017\/01\/Spirit-of-DFB-Integrationspreis_03-618x412.jpg 618w, https:\/\/spirit-of-football.de\/wp-content\/uploads\/sites\/12\/2017\/01\/Spirit-of-DFB-Integrationspreis_03-240x160.jpg 240w, https:\/\/spirit-of-football.de\/wp-content\/uploads\/sites\/12\/2017\/01\/Spirit-of-DFB-Integrationspreis_03-980x653.jpg 980w, https:\/\/spirit-of-football.de\/wp-content\/uploads\/sites\/12\/2017\/01\/Spirit-of-DFB-Integrationspreis_03-300x200.jpg 300w, https:\/\/spirit-of-football.de\/wp-content\/uploads\/sites\/12\/2017\/01\/Spirit-of-DFB-Integrationspreis_03-768x511.jpg 768w, https:\/\/spirit-of-football.de\/wp-content\/uploads\/sites\/12\/2017\/01\/Spirit-of-DFB-Integrationspreis_03-450x300.jpg 450w\" width=\"342\" height=\"228\" loading=\"lazy\" data-original-width=\"342\" data-original-height=\"228\" itemprop=\"http:\/\/schema.org\/image\" title=\"Spirit of DFB-Integrationspreis_03\" alt=\"Spa\u00df und Sport kombiniert mit interkulturellem Austausch - in der Halle, auf dem Platz und im Alltag: das ist Spirit of Welcome. Foto: Hamish John Appleby\" style=\"width: 342px; height: 228px;\" \/> <\/a> <div class=\"tiled-gallery-caption\" itemprop=\"caption description\"> Spa\u00df und Sport kombiniert mit interkulturellem Austausch &#8211; in der Halle, auf dem Platz und im Alltag: das ist Spirit of Welcome. Foto: Hamish John Appleby <\/div> <\/div> <\/div> <!-- close group --> <\/div> <!-- close row --> <\/div>\n<p style=\"text-align: justify\">Dabei ist es ist mehr als Sport, was die Menschen zusammenbringt. Es ist das Gef\u00fchl der Teilhabe, so wie es J\u00fcrgen Klopp, FairPlay-Botschafter des Vereins, beschreibt: \u201eMan sagt dem Fu\u00dfball nach, dass die Integration mit ihm besonders leicht ist. Das liegt daran, dass es \u00fcberhaupt keine Rolle spielt, wenn wir Mannschaften bilden, aus welcher Stra\u00dfe man kommt, aus welchem Land man kommt, oder von welchem Planeten man kommt &#8211; wenn wir irgendwann mal soweit sind.\u201c<\/p>\n<p style=\"text-align: justify\">Mit dem Jahreswechsel wird nun ein neues Kapitel aufgeschlagen: Die neu in Erfurt Angekommenen haben Fu\u00df gefasst und fangen an ihren Alltag selbst zu gestalten. Bei diesem Weg werden sie von den Vereinsmitgliedern unterst\u00fctzt und lernen so gegenseitig voneinander. \u201eUnser FairPlay-Team ist in den vergangenen zw\u00f6lf Monaten st\u00e4ndig gewachsen. Tarek, Usama, Ahmed, Siddiq, Jaafar und viele andere sind jetzt aktiv in unseren Bildungsprojekten eingebunden. Sie geben die Werte von FairPlay, Respekt und Teamwork an die TeilnehmerInnen weiter.\u201c, berichtet Pr\u00e4sident Andrew Aris \u00fcber die Entwicklung der Projektarbeit.<\/p>\n<p style=\"text-align: justify\">\u201eDie Ber\u00fccksichtigung f\u00fcr den DFB Integrationspreis ist gro\u00dfartig. Der Geist des Fu\u00dfball\u2019s lebt genau das vor, wie es der Name des DFB-Preises ausdr\u00fcckt: Viele Kulturen, Eine Leidenschaft. Wir vereinen verschiedene Kulturen in unseren Projekten, die alle eine Leidenschaft haben: von- und miteinander lernen, spielen, lachen.\u201c, f\u00fchrt Aris weiter aus.<\/p>\n<p style=\"text-align: justify\">Der Deutsche Fu\u00dfballbund pr\u00e4miert seit 2007 Schul-, Vereins- und Projektarbeit im Zeichen der gesellschaftlichen Vielfalt, welche vor allem bei Spirit of Football gelebter Alltag ist.<\/p>\n<p style=\"text-align: justify\">Seit \u00fcber einem Jahrzehnt setzt sich Spirit of Football f\u00fcr Inklusionsarbeit und Verst\u00e4ndigung zwischen den Kulturen ein. Dabei war bisher nicht nur Erfurt ein wichtiger Schauplatz, auch \u00fcberregionale und sogar l\u00e4nder\u00fcbergreifende Bildungs- und Sportprojekte, Fair-Play-Turniere sowie Veranstaltungen richtete der Verein aus. Im Mittelpunkt standen dabei die Ballreisen zu den letzten vier Fu\u00dfballweltmeisterschaften, zu denen weltweit soziale Projekte besucht wurden.<\/p>","protected":false},"excerpt":{"rendered":"<p>Das Jahr 2017 startet &#8222;greatartig&#8220;. Zum Jahreswechsel haben wir erfahren, dass unsere Bewerbung zum DFB Integrationspreis 2016 \u201eViele Kulturen &#8211; Eine Leidenschaft\u201c in die letzte Auswahlrunde aufgenommen wurden. Mit der Nominierung wurde Spirit of Football aus 177 Mitbewerbern von der&#8230; <a class=\"read-more\" href=\"https:\/\/spirit-of-football.de\/en\/2017\/01\/03\/spirit-of-football-fuer-den-dfb-integrationspreis-2017-nominiert\/\">[Read more]<\/a><\/p>\n","protected":false},"author":8,"featured_media":5591,"comment_status":"open","ping_status":"open","sticky":false,"template":"","format":"standard","meta":{"_acf_changed":false,"_jetpack_memberships_contains_paid_content":false,"footnotes":""},"categories":[288],"tags":[412,413,297],"class_list":["post-5590","post","type-post","status-publish","format-standard","has-post-thumbnail","hentry","category-spiritofwelcome","tag-dfb","tag-integrationspreis","tag-spirit-of-welcome"],"acf":[],"jetpack_featured_media_url":"https:\/\/spirit-of-football.de\/wp-content\/uploads\/sites\/12\/2017\/01\/Spirit-of-DFB-Integrationspreis.jpg","jetpack_sharing_enabled":true,"_links":{"self":[{"href":"https:\/\/spirit-of-football.de\/en\/wp-json\/wp\/v2\/posts\/5590","targetHints":{"allow":["GET"]}}],"collection":[{"href":"https:\/\/spirit-of-football.de\/en\/wp-json\/wp\/v2\/posts"}],"about":[{"href":"https:\/\/spirit-of-football.de\/en\/wp-json\/wp\/v2\/types\/post"}],"author":[{"embeddable":true,"href":"https:\/\/spirit-of-football.de\/en\/wp-json\/wp\/v2\/users\/8"}],"replies":[{"embeddable":true,"href":"https:\/\/spirit-of-football.de\/en\/wp-json\/wp\/v2\/comments?post=5590"}],"version-history":[{"count":6,"href":"https:\/\/spirit-of-football.de\/en\/wp-json\/wp\/v2\/posts\/5590\/revisions"}],"predecessor-version":[{"id":5607,"href":"https:\/\/spirit-of-football.de\/en\/wp-json\/wp\/v2\/posts\/5590\/revisions\/5607"}],"wp:featuredmedia":[{"embeddable":true,"href":"https:\/\/spirit-of-football.de\/en\/wp-json\/wp\/v2\/media\/5591"}],"wp:attachment":[{"href":"https:\/\/spirit-of-football.de\/en\/wp-json\/wp\/v2\/media?parent=5590"}],"wp:term":[{"taxonomy":"category","embeddable":true,"href":"https:\/\/spirit-of-football.de\/en\/wp-json\/wp\/v2\/categories?post=5590"},{"taxonomy":"post_tag","embeddable":true,"href":"https:\/\/spirit-of-football.de\/en\/wp-json\/wp\/v2\/tags?post=5590"}],"curies":[{"name":"wp","href":"https:\/\/api.w.org\/{rel}","templated":true}]}}