{"id":12093,"date":"2019-09-12T11:15:56","date_gmt":"2019-09-12T09:15:56","guid":{"rendered":"https:\/\/spirit-of-football.de\/?p=12093"},"modified":"2024-10-16T11:04:44","modified_gmt":"2024-10-16T09:04:44","slug":"training-of-trainers-in-ost-amman-9-12-september-2019","status":"publish","type":"post","link":"https:\/\/spirit-of-football.de\/en\/2019\/09\/12\/training-of-trainers-in-ost-amman-9-12-september-2019\/","title":{"rendered":"Spirit in Jordanien &#8211; 2019 Episode 2 &#8211; Training of Trainers in Ost-Amman"},"content":{"rendered":"<p>Unser Partner in Jordanien dieses Jahr, das DRC Refugee Council in Amman, ist mit seinen humanit\u00e4ren Projekten sehr gut aufgestellt und vernetzt, so dass sie uns auch bei unserem zweiten Besuch in diesem Jahr interessierte, motivierte Teilnehmer*innen zuf\u00fchren konnten. Die ersten zwei Workshops fanden in Ost-Amman, im Hussein Youth Centre statt, einem Jugendzentrum, das bereits 1958 f\u00fcr die dort angesiedelten pal\u00e4stinensischen Fl\u00fcchtlinge gebaut und in den 80ern dem jordanischen Jugendministerium unterstellt und somit allen zug\u00e4nglich wurde. In diesem Teil von Ost-Amman, das sich aus einem gro\u00dfen pal\u00e4stinensischen Fl\u00fcchtlingscamp entwickelt hat, ist die Bev\u00f6lkerung immer noch \u00e4rmlich und von vielen Problemen heimgesucht.<\/p>\n<div class=\"tiled-gallery type-rectangular tiled-gallery-unresized\" data-original-width=\"1040\" data-carousel-extra='{&quot;blog_id&quot;:12,&quot;permalink&quot;:&quot;https:\\\/\\\/spirit-of-football.de\\\/en\\\/2019\\\/09\\\/12\\\/training-of-trainers-in-ost-amman-9-12-september-2019\\\/&quot;,&quot;likes_blog_id&quot;:false}' itemscope itemtype=\"http:\/\/schema.org\/ImageGallery\" > <div class=\"gallery-row\" style=\"width: 1040px; height: 348px;\" data-original-width=\"1040\" data-original-height=\"348\" > <div class=\"gallery-group images-1\" style=\"width: 520px; height: 348px;\" data-original-width=\"520\" data-original-height=\"348\" > <div class=\"tiled-gallery-item tiled-gallery-item-large\" itemprop=\"associatedMedia\" itemscope itemtype=\"http:\/\/schema.org\/ImageObject\"> <a href=\"https:\/\/spirit-of-football.de\/en\/2019\/09\/12\/training-of-trainers-in-ost-amman-9-12-september-2019\/whatsapp-image-2019-09-14-at-19-42-29\/\" border=\"0\" itemprop=\"url\"> <meta itemprop=\"width\" content=\"516\"> <meta itemprop=\"height\" content=\"344\"> <img decoding=\"async\" class=\"\" data-attachment-id=\"12094\" data-orig-file=\"https:\/\/spirit-of-football.de\/wp-content\/uploads\/sites\/12\/2019\/09\/WhatsApp-Image-2019-09-14-at-19.42.29.jpeg\" data-orig-size=\"1392,928\" data-comments-opened=\"1\" data-image-meta=\"{&quot;aperture&quot;:&quot;0&quot;,&quot;credit&quot;:&quot;&quot;,&quot;camera&quot;:&quot;&quot;,&quot;caption&quot;:&quot;&quot;,&quot;created_timestamp&quot;:&quot;0&quot;,&quot;copyright&quot;:&quot;&quot;,&quot;focal_length&quot;:&quot;0&quot;,&quot;iso&quot;:&quot;0&quot;,&quot;shutter_speed&quot;:&quot;0&quot;,&quot;title&quot;:&quot;&quot;,&quot;orientation&quot;:&quot;0&quot;}\" data-image-title=\"WhatsApp Image 2019-09-14 at 19.42.29\" data-image-description=\"\" data-medium-file=\"https:\/\/spirit-of-football.de\/wp-content\/uploads\/sites\/12\/2019\/09\/WhatsApp-Image-2019-09-14-at-19.42.29-300x200.jpeg\" data-large-file=\"https:\/\/spirit-of-football.de\/wp-content\/uploads\/sites\/12\/2019\/09\/WhatsApp-Image-2019-09-14-at-19.42.29-1024x683.jpeg\" src=\"https:\/\/spirit-of-football.de\/wp-content\/uploads\/sites\/12\/2019\/09\/WhatsApp-Image-2019-09-14-at-19.42.29.jpeg\" srcset=\"https:\/\/spirit-of-football.de\/wp-content\/uploads\/sites\/12\/2019\/09\/WhatsApp-Image-2019-09-14-at-19.42.29.jpeg 1392w, https:\/\/spirit-of-football.de\/wp-content\/uploads\/sites\/12\/2019\/09\/WhatsApp-Image-2019-09-14-at-19.42.29-18x12.jpeg 18w, https:\/\/spirit-of-football.de\/wp-content\/uploads\/sites\/12\/2019\/09\/WhatsApp-Image-2019-09-14-at-19.42.29-1080x720.jpeg 1080w, https:\/\/spirit-of-football.de\/wp-content\/uploads\/sites\/12\/2019\/09\/WhatsApp-Image-2019-09-14-at-19.42.29-480x320.jpeg 480w, https:\/\/spirit-of-football.de\/wp-content\/uploads\/sites\/12\/2019\/09\/WhatsApp-Image-2019-09-14-at-19.42.29-640x427.jpeg 640w, https:\/\/spirit-of-football.de\/wp-content\/uploads\/sites\/12\/2019\/09\/WhatsApp-Image-2019-09-14-at-19.42.29-618x412.jpeg 618w, https:\/\/spirit-of-football.de\/wp-content\/uploads\/sites\/12\/2019\/09\/WhatsApp-Image-2019-09-14-at-19.42.29-240x160.jpeg 240w, https:\/\/spirit-of-football.de\/wp-content\/uploads\/sites\/12\/2019\/09\/WhatsApp-Image-2019-09-14-at-19.42.29-980x653.jpeg 980w, https:\/\/spirit-of-football.de\/wp-content\/uploads\/sites\/12\/2019\/09\/WhatsApp-Image-2019-09-14-at-19.42.29-300x200.jpeg 300w, https:\/\/spirit-of-football.de\/wp-content\/uploads\/sites\/12\/2019\/09\/WhatsApp-Image-2019-09-14-at-19.42.29-768x512.jpeg 768w, https:\/\/spirit-of-football.de\/wp-content\/uploads\/sites\/12\/2019\/09\/WhatsApp-Image-2019-09-14-at-19.42.29-1024x683.jpeg 1024w, https:\/\/spirit-of-football.de\/wp-content\/uploads\/sites\/12\/2019\/09\/WhatsApp-Image-2019-09-14-at-19.42.29-450x300.jpeg 450w\" width=\"516\" height=\"344\" loading=\"lazy\" data-original-width=\"516\" data-original-height=\"344\" itemprop=\"http:\/\/schema.org\/image\" title=\"WhatsApp Image 2019-09-14 at 19.42.29\" alt=\"WhatsApp Image 2019-09-14 at 19.42.29\" style=\"width: 516px; height: 344px;\" \/> <\/a> <\/div> <\/div> <!-- close group --> <div class=\"gallery-group images-1\" style=\"width: 520px; height: 348px;\" data-original-width=\"520\" data-original-height=\"348\" > <div class=\"tiled-gallery-item tiled-gallery-item-large\" itemprop=\"associatedMedia\" itemscope itemtype=\"http:\/\/schema.org\/ImageObject\"> <a href=\"https:\/\/spirit-of-football.de\/en\/2019\/09\/12\/training-of-trainers-in-ost-amman-9-12-september-2019\/whatsapp-image-2019-09-14-at-19-42-34-1\/\" border=\"0\" itemprop=\"url\"> <meta itemprop=\"width\" content=\"516\"> <meta itemprop=\"height\" content=\"344\"> <img decoding=\"async\" class=\"\" data-attachment-id=\"12095\" data-orig-file=\"https:\/\/spirit-of-football.de\/wp-content\/uploads\/sites\/12\/2019\/09\/WhatsApp-Image-2019-09-14-at-19.42.34-1.jpeg\" data-orig-size=\"1392,928\" data-comments-opened=\"1\" data-image-meta=\"{&quot;aperture&quot;:&quot;0&quot;,&quot;credit&quot;:&quot;&quot;,&quot;camera&quot;:&quot;&quot;,&quot;caption&quot;:&quot;&quot;,&quot;created_timestamp&quot;:&quot;0&quot;,&quot;copyright&quot;:&quot;&quot;,&quot;focal_length&quot;:&quot;0&quot;,&quot;iso&quot;:&quot;0&quot;,&quot;shutter_speed&quot;:&quot;0&quot;,&quot;title&quot;:&quot;&quot;,&quot;orientation&quot;:&quot;0&quot;}\" data-image-title=\"WhatsApp Image 2019-09-14 at 19.42.34 (1)\" data-image-description=\"\" data-medium-file=\"https:\/\/spirit-of-football.de\/wp-content\/uploads\/sites\/12\/2019\/09\/WhatsApp-Image-2019-09-14-at-19.42.34-1-300x200.jpeg\" data-large-file=\"https:\/\/spirit-of-football.de\/wp-content\/uploads\/sites\/12\/2019\/09\/WhatsApp-Image-2019-09-14-at-19.42.34-1-1024x683.jpeg\" src=\"https:\/\/spirit-of-football.de\/wp-content\/uploads\/sites\/12\/2019\/09\/WhatsApp-Image-2019-09-14-at-19.42.34-1.jpeg\" srcset=\"https:\/\/spirit-of-football.de\/wp-content\/uploads\/sites\/12\/2019\/09\/WhatsApp-Image-2019-09-14-at-19.42.34-1.jpeg 1392w, https:\/\/spirit-of-football.de\/wp-content\/uploads\/sites\/12\/2019\/09\/WhatsApp-Image-2019-09-14-at-19.42.34-1-18x12.jpeg 18w, https:\/\/spirit-of-football.de\/wp-content\/uploads\/sites\/12\/2019\/09\/WhatsApp-Image-2019-09-14-at-19.42.34-1-1080x720.jpeg 1080w, https:\/\/spirit-of-football.de\/wp-content\/uploads\/sites\/12\/2019\/09\/WhatsApp-Image-2019-09-14-at-19.42.34-1-480x320.jpeg 480w, https:\/\/spirit-of-football.de\/wp-content\/uploads\/sites\/12\/2019\/09\/WhatsApp-Image-2019-09-14-at-19.42.34-1-640x427.jpeg 640w, https:\/\/spirit-of-football.de\/wp-content\/uploads\/sites\/12\/2019\/09\/WhatsApp-Image-2019-09-14-at-19.42.34-1-618x412.jpeg 618w, https:\/\/spirit-of-football.de\/wp-content\/uploads\/sites\/12\/2019\/09\/WhatsApp-Image-2019-09-14-at-19.42.34-1-240x160.jpeg 240w, https:\/\/spirit-of-football.de\/wp-content\/uploads\/sites\/12\/2019\/09\/WhatsApp-Image-2019-09-14-at-19.42.34-1-980x653.jpeg 980w, https:\/\/spirit-of-football.de\/wp-content\/uploads\/sites\/12\/2019\/09\/WhatsApp-Image-2019-09-14-at-19.42.34-1-300x200.jpeg 300w, https:\/\/spirit-of-football.de\/wp-content\/uploads\/sites\/12\/2019\/09\/WhatsApp-Image-2019-09-14-at-19.42.34-1-768x512.jpeg 768w, https:\/\/spirit-of-football.de\/wp-content\/uploads\/sites\/12\/2019\/09\/WhatsApp-Image-2019-09-14-at-19.42.34-1-1024x683.jpeg 1024w, https:\/\/spirit-of-football.de\/wp-content\/uploads\/sites\/12\/2019\/09\/WhatsApp-Image-2019-09-14-at-19.42.34-1-450x300.jpeg 450w\" width=\"516\" height=\"344\" loading=\"lazy\" data-original-width=\"516\" data-original-height=\"344\" itemprop=\"http:\/\/schema.org\/image\" title=\"WhatsApp Image 2019-09-14 at 19.42.34 (1)\" alt=\"WhatsApp Image 2019-09-14 at 19.42.34 (1)\" style=\"width: 516px; height: 344px;\" \/> <\/a> <\/div> <\/div> <!-- close group --> <\/div> <!-- close row --> <\/div>\n<p>DRC hat die Teamer*innen \u00a0von Spirit of Football dazu auserkoren, im ersten Workshop mit ihren eigenen Mitarbeitern ein 2-t\u00e4giges Training durchzuf\u00fchren, welches deren T\u00e4tigkeit als psychosoziale Berater f\u00fcr pal\u00e4stinensische, \u00a0syrische, sudanesische, jemenitische und andere Gefl\u00fcchtete in Ost-Amman erg\u00e4nzen sollte. Diese Frauen und M\u00e4nner lie\u00dfen sich bereitwillig auf unseren FairPlay-Fu\u00dfball, unsere Theater- und Kunstmethoden ein. Es war eine Freude, mit ihnen ausgelassen zu tanzen, Fu\u00dfball zu spielen, zu improvisieren und vor allem zu diskutieren. Sie waren froh, unsere arabischen Methodenkataloge zu bekommen und das Erlebte damit zu vergleichen. Vor allem verstanden sie jedoch, dass es auf den Spirit ankommt, auf eine positive Haltung, den Wunsch, gemeinsam das Leben zu feiern und die eigenen St\u00e4rken, sowie die der Kollegen zu entdecken und in der Arbeit und im Privatleben einzusetzen.<\/p>\n<p>Der zweite Workshoptag begann unter erschwerten Bedingungen. Ein kleiner Junge, nicht mehr als 12 Jahre alt, erschien und fiel uns auf durch seinen vernebelten Blick, unz\u00e4hligen Narben auf Gesicht und K\u00f6rper, sowie seine ziemlich aufdringliche Art. Qais, unser \u00dcbersetzer, gab einige seiner fr\u00fchreifen, aggressiven \u00c4u\u00dferungen wieder und sagte, dass die Mitarbeiter*innen des Zentrums durch seine Gegenwart beunruhigt waren, da man schon wiederholt das Zentrum schlie\u00dfen musste, weil er mit einem Messer aufgetaucht war, Drohungen ausstie\u00df und wohl auch umsetzte. Er galt als hoffnungsloser Fall, vor dem man sich in Acht nehmen musste. Schlie\u00dflich wurde er von seinem Vater abgeholt und alle atmeten auf.<\/p>\n<div class=\"tiled-gallery type-rectangular tiled-gallery-unresized\" data-original-width=\"1040\" data-carousel-extra='{&quot;blog_id&quot;:12,&quot;permalink&quot;:&quot;https:\\\/\\\/spirit-of-football.de\\\/en\\\/2019\\\/09\\\/12\\\/training-of-trainers-in-ost-amman-9-12-september-2019\\\/&quot;,&quot;likes_blog_id&quot;:false}' itemscope itemtype=\"http:\/\/schema.org\/ImageGallery\" > <div class=\"gallery-row\" style=\"width: 1040px; height: 694px;\" data-original-width=\"1040\" data-original-height=\"694\" > <div class=\"gallery-group images-1\" style=\"width: 522px; height: 694px;\" data-original-width=\"522\" data-original-height=\"694\" > <div class=\"tiled-gallery-item tiled-gallery-item-large\" itemprop=\"associatedMedia\" itemscope itemtype=\"http:\/\/schema.org\/ImageObject\"> <a href=\"https:\/\/spirit-of-football.de\/en\/2019\/09\/12\/training-of-trainers-in-ost-amman-9-12-september-2019\/whatsapp-image-2019-09-13-at-12-57-13\/\" border=\"0\" itemprop=\"url\"> <meta itemprop=\"width\" content=\"518\"> <meta itemprop=\"height\" content=\"690\"> <img decoding=\"async\" class=\"\" data-attachment-id=\"12098\" data-orig-file=\"https:\/\/spirit-of-football.de\/wp-content\/uploads\/sites\/12\/2019\/09\/WhatsApp-Image-2019-09-13-at-12.57.13.jpeg\" data-orig-size=\"1200,1600\" data-comments-opened=\"1\" data-image-meta=\"{&quot;aperture&quot;:&quot;0&quot;,&quot;credit&quot;:&quot;&quot;,&quot;camera&quot;:&quot;&quot;,&quot;caption&quot;:&quot;&quot;,&quot;created_timestamp&quot;:&quot;0&quot;,&quot;copyright&quot;:&quot;&quot;,&quot;focal_length&quot;:&quot;0&quot;,&quot;iso&quot;:&quot;0&quot;,&quot;shutter_speed&quot;:&quot;0&quot;,&quot;title&quot;:&quot;&quot;,&quot;orientation&quot;:&quot;0&quot;}\" data-image-title=\"WhatsApp Image 2019-09-13 at 12.57.13\" data-image-description=\"\" data-medium-file=\"https:\/\/spirit-of-football.de\/wp-content\/uploads\/sites\/12\/2019\/09\/WhatsApp-Image-2019-09-13-at-12.57.13-225x300.jpeg\" data-large-file=\"https:\/\/spirit-of-football.de\/wp-content\/uploads\/sites\/12\/2019\/09\/WhatsApp-Image-2019-09-13-at-12.57.13-768x1024.jpeg\" src=\"https:\/\/spirit-of-football.de\/wp-content\/uploads\/sites\/12\/2019\/09\/WhatsApp-Image-2019-09-13-at-12.57.13.jpeg\" srcset=\"https:\/\/spirit-of-football.de\/wp-content\/uploads\/sites\/12\/2019\/09\/WhatsApp-Image-2019-09-13-at-12.57.13.jpeg 1200w, https:\/\/spirit-of-football.de\/wp-content\/uploads\/sites\/12\/2019\/09\/WhatsApp-Image-2019-09-13-at-12.57.13-9x12.jpeg 9w, https:\/\/spirit-of-football.de\/wp-content\/uploads\/sites\/12\/2019\/09\/WhatsApp-Image-2019-09-13-at-12.57.13-540x720.jpeg 540w, https:\/\/spirit-of-football.de\/wp-content\/uploads\/sites\/12\/2019\/09\/WhatsApp-Image-2019-09-13-at-12.57.13-240x320.jpeg 240w, https:\/\/spirit-of-football.de\/wp-content\/uploads\/sites\/12\/2019\/09\/WhatsApp-Image-2019-09-13-at-12.57.13-480x640.jpeg 480w, https:\/\/spirit-of-football.de\/wp-content\/uploads\/sites\/12\/2019\/09\/WhatsApp-Image-2019-09-13-at-12.57.13-464x618.jpeg 464w, https:\/\/spirit-of-football.de\/wp-content\/uploads\/sites\/12\/2019\/09\/WhatsApp-Image-2019-09-13-at-12.57.13-180x240.jpeg 180w, https:\/\/spirit-of-football.de\/wp-content\/uploads\/sites\/12\/2019\/09\/WhatsApp-Image-2019-09-13-at-12.57.13-735x980.jpeg 735w, https:\/\/spirit-of-football.de\/wp-content\/uploads\/sites\/12\/2019\/09\/WhatsApp-Image-2019-09-13-at-12.57.13-225x300.jpeg 225w, https:\/\/spirit-of-football.de\/wp-content\/uploads\/sites\/12\/2019\/09\/WhatsApp-Image-2019-09-13-at-12.57.13-768x1024.jpeg 768w, https:\/\/spirit-of-football.de\/wp-content\/uploads\/sites\/12\/2019\/09\/WhatsApp-Image-2019-09-13-at-12.57.13-1152x1536.jpeg 1152w\" width=\"518\" height=\"690\" loading=\"lazy\" data-original-width=\"518\" data-original-height=\"690\" itemprop=\"http:\/\/schema.org\/image\" title=\"WhatsApp Image 2019-09-13 at 12.57.13\" alt=\"WhatsApp Image 2019-09-13 at 12.57.13\" style=\"width: 518px; height: 690px;\" \/> <\/a> <\/div> <\/div> <!-- close group --> <div class=\"gallery-group images-2\" style=\"width: 518px; height: 694px;\" data-original-width=\"518\" data-original-height=\"694\" > <div class=\"tiled-gallery-item tiled-gallery-item-large\" itemprop=\"associatedMedia\" itemscope itemtype=\"http:\/\/schema.org\/ImageObject\"> <a href=\"https:\/\/spirit-of-football.de\/en\/2019\/09\/12\/training-of-trainers-in-ost-amman-9-12-september-2019\/whatsapp-image-2019-09-17-at-08-45-37\/\" border=\"0\" itemprop=\"url\"> <meta itemprop=\"width\" content=\"514\"> <meta itemprop=\"height\" content=\"343\"> <img decoding=\"async\" class=\"\" data-attachment-id=\"12101\" data-orig-file=\"https:\/\/spirit-of-football.de\/wp-content\/uploads\/sites\/12\/2019\/09\/WhatsApp-Image-2019-09-17-at-08.45.37.jpeg\" data-orig-size=\"1392,928\" data-comments-opened=\"1\" data-image-meta=\"{&quot;aperture&quot;:&quot;0&quot;,&quot;credit&quot;:&quot;&quot;,&quot;camera&quot;:&quot;&quot;,&quot;caption&quot;:&quot;&quot;,&quot;created_timestamp&quot;:&quot;0&quot;,&quot;copyright&quot;:&quot;&quot;,&quot;focal_length&quot;:&quot;0&quot;,&quot;iso&quot;:&quot;0&quot;,&quot;shutter_speed&quot;:&quot;0&quot;,&quot;title&quot;:&quot;&quot;,&quot;orientation&quot;:&quot;0&quot;}\" data-image-title=\"WhatsApp Image 2019-09-17 at 08.45.37\" data-image-description=\"\" data-medium-file=\"https:\/\/spirit-of-football.de\/wp-content\/uploads\/sites\/12\/2019\/09\/WhatsApp-Image-2019-09-17-at-08.45.37-300x200.jpeg\" data-large-file=\"https:\/\/spirit-of-football.de\/wp-content\/uploads\/sites\/12\/2019\/09\/WhatsApp-Image-2019-09-17-at-08.45.37-1024x683.jpeg\" src=\"https:\/\/spirit-of-football.de\/wp-content\/uploads\/sites\/12\/2019\/09\/WhatsApp-Image-2019-09-17-at-08.45.37.jpeg\" srcset=\"https:\/\/spirit-of-football.de\/wp-content\/uploads\/sites\/12\/2019\/09\/WhatsApp-Image-2019-09-17-at-08.45.37.jpeg 1392w, https:\/\/spirit-of-football.de\/wp-content\/uploads\/sites\/12\/2019\/09\/WhatsApp-Image-2019-09-17-at-08.45.37-18x12.jpeg 18w, https:\/\/spirit-of-football.de\/wp-content\/uploads\/sites\/12\/2019\/09\/WhatsApp-Image-2019-09-17-at-08.45.37-1080x720.jpeg 1080w, https:\/\/spirit-of-football.de\/wp-content\/uploads\/sites\/12\/2019\/09\/WhatsApp-Image-2019-09-17-at-08.45.37-480x320.jpeg 480w, https:\/\/spirit-of-football.de\/wp-content\/uploads\/sites\/12\/2019\/09\/WhatsApp-Image-2019-09-17-at-08.45.37-640x427.jpeg 640w, https:\/\/spirit-of-football.de\/wp-content\/uploads\/sites\/12\/2019\/09\/WhatsApp-Image-2019-09-17-at-08.45.37-618x412.jpeg 618w, https:\/\/spirit-of-football.de\/wp-content\/uploads\/sites\/12\/2019\/09\/WhatsApp-Image-2019-09-17-at-08.45.37-240x160.jpeg 240w, https:\/\/spirit-of-football.de\/wp-content\/uploads\/sites\/12\/2019\/09\/WhatsApp-Image-2019-09-17-at-08.45.37-980x653.jpeg 980w, https:\/\/spirit-of-football.de\/wp-content\/uploads\/sites\/12\/2019\/09\/WhatsApp-Image-2019-09-17-at-08.45.37-300x200.jpeg 300w, https:\/\/spirit-of-football.de\/wp-content\/uploads\/sites\/12\/2019\/09\/WhatsApp-Image-2019-09-17-at-08.45.37-768x512.jpeg 768w, https:\/\/spirit-of-football.de\/wp-content\/uploads\/sites\/12\/2019\/09\/WhatsApp-Image-2019-09-17-at-08.45.37-1024x683.jpeg 1024w, https:\/\/spirit-of-football.de\/wp-content\/uploads\/sites\/12\/2019\/09\/WhatsApp-Image-2019-09-17-at-08.45.37-450x300.jpeg 450w\" width=\"514\" height=\"343\" loading=\"lazy\" data-original-width=\"514\" data-original-height=\"343\" itemprop=\"http:\/\/schema.org\/image\" title=\"WhatsApp Image 2019-09-17 at 08.45.37\" alt=\"WhatsApp Image 2019-09-17 at 08.45.37\" style=\"width: 514px; height: 343px;\" \/> <\/a> <\/div> <div class=\"tiled-gallery-item tiled-gallery-item-large\" itemprop=\"associatedMedia\" itemscope itemtype=\"http:\/\/schema.org\/ImageObject\"> <a href=\"https:\/\/spirit-of-football.de\/en\/2019\/09\/12\/training-of-trainers-in-ost-amman-9-12-september-2019\/whatsapp-image-2019-09-17-at-08-45-38\/\" border=\"0\" itemprop=\"url\"> <meta itemprop=\"width\" content=\"514\"> <meta itemprop=\"height\" content=\"343\"> <img decoding=\"async\" class=\"\" data-attachment-id=\"12102\" data-orig-file=\"https:\/\/spirit-of-football.de\/wp-content\/uploads\/sites\/12\/2019\/09\/WhatsApp-Image-2019-09-17-at-08.45.38.jpeg\" data-orig-size=\"1392,928\" data-comments-opened=\"1\" data-image-meta=\"{&quot;aperture&quot;:&quot;0&quot;,&quot;credit&quot;:&quot;&quot;,&quot;camera&quot;:&quot;&quot;,&quot;caption&quot;:&quot;&quot;,&quot;created_timestamp&quot;:&quot;0&quot;,&quot;copyright&quot;:&quot;&quot;,&quot;focal_length&quot;:&quot;0&quot;,&quot;iso&quot;:&quot;0&quot;,&quot;shutter_speed&quot;:&quot;0&quot;,&quot;title&quot;:&quot;&quot;,&quot;orientation&quot;:&quot;0&quot;}\" data-image-title=\"WhatsApp Image 2019-09-17 at 08.45.38\" data-image-description=\"\" data-medium-file=\"https:\/\/spirit-of-football.de\/wp-content\/uploads\/sites\/12\/2019\/09\/WhatsApp-Image-2019-09-17-at-08.45.38-300x200.jpeg\" data-large-file=\"https:\/\/spirit-of-football.de\/wp-content\/uploads\/sites\/12\/2019\/09\/WhatsApp-Image-2019-09-17-at-08.45.38-1024x683.jpeg\" src=\"https:\/\/spirit-of-football.de\/wp-content\/uploads\/sites\/12\/2019\/09\/WhatsApp-Image-2019-09-17-at-08.45.38.jpeg\" srcset=\"https:\/\/spirit-of-football.de\/wp-content\/uploads\/sites\/12\/2019\/09\/WhatsApp-Image-2019-09-17-at-08.45.38.jpeg 1392w, https:\/\/spirit-of-football.de\/wp-content\/uploads\/sites\/12\/2019\/09\/WhatsApp-Image-2019-09-17-at-08.45.38-18x12.jpeg 18w, https:\/\/spirit-of-football.de\/wp-content\/uploads\/sites\/12\/2019\/09\/WhatsApp-Image-2019-09-17-at-08.45.38-1080x720.jpeg 1080w, https:\/\/spirit-of-football.de\/wp-content\/uploads\/sites\/12\/2019\/09\/WhatsApp-Image-2019-09-17-at-08.45.38-480x320.jpeg 480w, https:\/\/spirit-of-football.de\/wp-content\/uploads\/sites\/12\/2019\/09\/WhatsApp-Image-2019-09-17-at-08.45.38-640x427.jpeg 640w, https:\/\/spirit-of-football.de\/wp-content\/uploads\/sites\/12\/2019\/09\/WhatsApp-Image-2019-09-17-at-08.45.38-618x412.jpeg 618w, https:\/\/spirit-of-football.de\/wp-content\/uploads\/sites\/12\/2019\/09\/WhatsApp-Image-2019-09-17-at-08.45.38-240x160.jpeg 240w, https:\/\/spirit-of-football.de\/wp-content\/uploads\/sites\/12\/2019\/09\/WhatsApp-Image-2019-09-17-at-08.45.38-980x653.jpeg 980w, https:\/\/spirit-of-football.de\/wp-content\/uploads\/sites\/12\/2019\/09\/WhatsApp-Image-2019-09-17-at-08.45.38-300x200.jpeg 300w, https:\/\/spirit-of-football.de\/wp-content\/uploads\/sites\/12\/2019\/09\/WhatsApp-Image-2019-09-17-at-08.45.38-768x512.jpeg 768w, https:\/\/spirit-of-football.de\/wp-content\/uploads\/sites\/12\/2019\/09\/WhatsApp-Image-2019-09-17-at-08.45.38-1024x683.jpeg 1024w, https:\/\/spirit-of-football.de\/wp-content\/uploads\/sites\/12\/2019\/09\/WhatsApp-Image-2019-09-17-at-08.45.38-450x300.jpeg 450w\" width=\"514\" height=\"343\" loading=\"lazy\" data-original-width=\"514\" data-original-height=\"343\" itemprop=\"http:\/\/schema.org\/image\" title=\"WhatsApp Image 2019-09-17 at 08.45.38\" alt=\"WhatsApp Image 2019-09-17 at 08.45.38\" style=\"width: 514px; height: 343px;\" \/> <\/a> <\/div> <\/div> <!-- close group --> <\/div> <!-- close row --> <\/div>\n<p>Der zweite Workshop, mit Mitarbeiter*innen der drei wichtigsten k\u00f6niglich-jordanischen NGOs im Bereich der psychosozialen Dienste (Jordan River Foundation, JOHOT &amp; Nour al Husseini Foundation), fand ebenfalls im Youth Centre statt und startete ein wenig schleppend, denn dieses war eine Gruppe bestehend aus kleinen, miteinander konkurrierenden Teams, die auch uns kritisch be\u00e4ugten. Erst am zweiten Tag entstand das Gef\u00fchl, dass auch diese Teilnehmer*innen sich vom FairPlay-Fu\u00dfball und von den Theaterszenen dazu hinrei\u00dfen lie\u00df, sich zu \u00f6ffnen und dem Spiel hinzugeben. Umso trauriger war es, dass der Tag mit einem schockierenden Ereignis begann.<\/p>\n<div class=\"tiled-gallery type-rectangular tiled-gallery-unresized\" data-original-width=\"1040\" data-carousel-extra='{&quot;blog_id&quot;:12,&quot;permalink&quot;:&quot;https:\\\/\\\/spirit-of-football.de\\\/en\\\/2019\\\/09\\\/12\\\/training-of-trainers-in-ost-amman-9-12-september-2019\\\/&quot;,&quot;likes_blog_id&quot;:false}' itemscope itemtype=\"http:\/\/schema.org\/ImageGallery\" > <div class=\"gallery-row\" style=\"width: 1040px; height: 297px;\" data-original-width=\"1040\" data-original-height=\"297\" > <div class=\"gallery-group images-1\" style=\"width: 596px; height: 297px;\" data-original-width=\"596\" data-original-height=\"297\" > <div class=\"tiled-gallery-item tiled-gallery-item-large\" itemprop=\"associatedMedia\" itemscope itemtype=\"http:\/\/schema.org\/ImageObject\"> <a href=\"https:\/\/spirit-of-football.de\/en\/2019\/09\/12\/training-of-trainers-in-ost-amman-9-12-september-2019\/whatsapp-image-2019-09-17-at-08-45-42\/\" border=\"0\" itemprop=\"url\"> <meta itemprop=\"width\" content=\"592\"> <meta itemprop=\"height\" content=\"293\"> <img decoding=\"async\" class=\"\" data-attachment-id=\"12103\" data-orig-file=\"https:\/\/spirit-of-football.de\/wp-content\/uploads\/sites\/12\/2019\/09\/WhatsApp-Image-2019-09-17-at-08.45.42.jpeg\" data-orig-size=\"1341,665\" data-comments-opened=\"1\" data-image-meta=\"{&quot;aperture&quot;:&quot;0&quot;,&quot;credit&quot;:&quot;&quot;,&quot;camera&quot;:&quot;&quot;,&quot;caption&quot;:&quot;&quot;,&quot;created_timestamp&quot;:&quot;0&quot;,&quot;copyright&quot;:&quot;&quot;,&quot;focal_length&quot;:&quot;0&quot;,&quot;iso&quot;:&quot;0&quot;,&quot;shutter_speed&quot;:&quot;0&quot;,&quot;title&quot;:&quot;&quot;,&quot;orientation&quot;:&quot;0&quot;}\" data-image-title=\"WhatsApp Image 2019-09-17 at 08.45.42\" data-image-description=\"\" data-medium-file=\"https:\/\/spirit-of-football.de\/wp-content\/uploads\/sites\/12\/2019\/09\/WhatsApp-Image-2019-09-17-at-08.45.42-300x149.jpeg\" data-large-file=\"https:\/\/spirit-of-football.de\/wp-content\/uploads\/sites\/12\/2019\/09\/WhatsApp-Image-2019-09-17-at-08.45.42-1024x508.jpeg\" src=\"https:\/\/spirit-of-football.de\/wp-content\/uploads\/sites\/12\/2019\/09\/WhatsApp-Image-2019-09-17-at-08.45.42.jpeg\" srcset=\"https:\/\/spirit-of-football.de\/wp-content\/uploads\/sites\/12\/2019\/09\/WhatsApp-Image-2019-09-17-at-08.45.42.jpeg 1341w, https:\/\/spirit-of-football.de\/wp-content\/uploads\/sites\/12\/2019\/09\/WhatsApp-Image-2019-09-17-at-08.45.42-18x9.jpeg 18w, https:\/\/spirit-of-football.de\/wp-content\/uploads\/sites\/12\/2019\/09\/WhatsApp-Image-2019-09-17-at-08.45.42-1280x635.jpeg 1280w, https:\/\/spirit-of-football.de\/wp-content\/uploads\/sites\/12\/2019\/09\/WhatsApp-Image-2019-09-17-at-08.45.42-553x274.jpeg 553w, https:\/\/spirit-of-football.de\/wp-content\/uploads\/sites\/12\/2019\/09\/WhatsApp-Image-2019-09-17-at-08.45.42-640x317.jpeg 640w, https:\/\/spirit-of-football.de\/wp-content\/uploads\/sites\/12\/2019\/09\/WhatsApp-Image-2019-09-17-at-08.45.42-618x306.jpeg 618w, https:\/\/spirit-of-football.de\/wp-content\/uploads\/sites\/12\/2019\/09\/WhatsApp-Image-2019-09-17-at-08.45.42-240x119.jpeg 240w, https:\/\/spirit-of-football.de\/wp-content\/uploads\/sites\/12\/2019\/09\/WhatsApp-Image-2019-09-17-at-08.45.42-980x486.jpeg 980w, https:\/\/spirit-of-football.de\/wp-content\/uploads\/sites\/12\/2019\/09\/WhatsApp-Image-2019-09-17-at-08.45.42-300x149.jpeg 300w, https:\/\/spirit-of-football.de\/wp-content\/uploads\/sites\/12\/2019\/09\/WhatsApp-Image-2019-09-17-at-08.45.42-768x381.jpeg 768w, https:\/\/spirit-of-football.de\/wp-content\/uploads\/sites\/12\/2019\/09\/WhatsApp-Image-2019-09-17-at-08.45.42-1024x508.jpeg 1024w, https:\/\/spirit-of-football.de\/wp-content\/uploads\/sites\/12\/2019\/09\/WhatsApp-Image-2019-09-17-at-08.45.42-500x248.jpeg 500w\" width=\"592\" height=\"293\" loading=\"lazy\" data-original-width=\"592\" data-original-height=\"293\" itemprop=\"http:\/\/schema.org\/image\" title=\"WhatsApp Image 2019-09-17 at 08.45.42\" alt=\"WhatsApp Image 2019-09-17 at 08.45.42\" style=\"width: 592px; height: 293px;\" \/> <\/a> <\/div> <\/div> <!-- close group --> <div class=\"gallery-group images-1\" style=\"width: 444px; height: 297px;\" data-original-width=\"444\" data-original-height=\"297\" > <div class=\"tiled-gallery-item tiled-gallery-item-large\" itemprop=\"associatedMedia\" itemscope itemtype=\"http:\/\/schema.org\/ImageObject\"> <a href=\"https:\/\/spirit-of-football.de\/en\/2019\/09\/12\/training-of-trainers-in-ost-amman-9-12-september-2019\/whatsapp-image-2019-09-17-at-08-45-43-1\/\" border=\"0\" itemprop=\"url\"> <meta itemprop=\"width\" content=\"440\"> <meta itemprop=\"height\" content=\"293\"> <img decoding=\"async\" class=\"\" data-attachment-id=\"12104\" data-orig-file=\"https:\/\/spirit-of-football.de\/wp-content\/uploads\/sites\/12\/2019\/09\/WhatsApp-Image-2019-09-17-at-08.45.43-1.jpeg\" data-orig-size=\"1392,928\" data-comments-opened=\"1\" data-image-meta=\"{&quot;aperture&quot;:&quot;0&quot;,&quot;credit&quot;:&quot;&quot;,&quot;camera&quot;:&quot;&quot;,&quot;caption&quot;:&quot;&quot;,&quot;created_timestamp&quot;:&quot;0&quot;,&quot;copyright&quot;:&quot;&quot;,&quot;focal_length&quot;:&quot;0&quot;,&quot;iso&quot;:&quot;0&quot;,&quot;shutter_speed&quot;:&quot;0&quot;,&quot;title&quot;:&quot;&quot;,&quot;orientation&quot;:&quot;0&quot;}\" data-image-title=\"WhatsApp Image 2019-09-17 at 08.45.43 (1)\" data-image-description=\"\" data-medium-file=\"https:\/\/spirit-of-football.de\/wp-content\/uploads\/sites\/12\/2019\/09\/WhatsApp-Image-2019-09-17-at-08.45.43-1-300x200.jpeg\" data-large-file=\"https:\/\/spirit-of-football.de\/wp-content\/uploads\/sites\/12\/2019\/09\/WhatsApp-Image-2019-09-17-at-08.45.43-1-1024x683.jpeg\" src=\"https:\/\/spirit-of-football.de\/wp-content\/uploads\/sites\/12\/2019\/09\/WhatsApp-Image-2019-09-17-at-08.45.43-1.jpeg\" srcset=\"https:\/\/spirit-of-football.de\/wp-content\/uploads\/sites\/12\/2019\/09\/WhatsApp-Image-2019-09-17-at-08.45.43-1.jpeg 1392w, https:\/\/spirit-of-football.de\/wp-content\/uploads\/sites\/12\/2019\/09\/WhatsApp-Image-2019-09-17-at-08.45.43-1-18x12.jpeg 18w, https:\/\/spirit-of-football.de\/wp-content\/uploads\/sites\/12\/2019\/09\/WhatsApp-Image-2019-09-17-at-08.45.43-1-1080x720.jpeg 1080w, https:\/\/spirit-of-football.de\/wp-content\/uploads\/sites\/12\/2019\/09\/WhatsApp-Image-2019-09-17-at-08.45.43-1-480x320.jpeg 480w, https:\/\/spirit-of-football.de\/wp-content\/uploads\/sites\/12\/2019\/09\/WhatsApp-Image-2019-09-17-at-08.45.43-1-640x427.jpeg 640w, https:\/\/spirit-of-football.de\/wp-content\/uploads\/sites\/12\/2019\/09\/WhatsApp-Image-2019-09-17-at-08.45.43-1-618x412.jpeg 618w, https:\/\/spirit-of-football.de\/wp-content\/uploads\/sites\/12\/2019\/09\/WhatsApp-Image-2019-09-17-at-08.45.43-1-240x160.jpeg 240w, https:\/\/spirit-of-football.de\/wp-content\/uploads\/sites\/12\/2019\/09\/WhatsApp-Image-2019-09-17-at-08.45.43-1-980x653.jpeg 980w, https:\/\/spirit-of-football.de\/wp-content\/uploads\/sites\/12\/2019\/09\/WhatsApp-Image-2019-09-17-at-08.45.43-1-300x200.jpeg 300w, https:\/\/spirit-of-football.de\/wp-content\/uploads\/sites\/12\/2019\/09\/WhatsApp-Image-2019-09-17-at-08.45.43-1-768x512.jpeg 768w, https:\/\/spirit-of-football.de\/wp-content\/uploads\/sites\/12\/2019\/09\/WhatsApp-Image-2019-09-17-at-08.45.43-1-1024x683.jpeg 1024w, https:\/\/spirit-of-football.de\/wp-content\/uploads\/sites\/12\/2019\/09\/WhatsApp-Image-2019-09-17-at-08.45.43-1-450x300.jpeg 450w\" width=\"440\" height=\"293\" loading=\"lazy\" data-original-width=\"440\" data-original-height=\"293\" itemprop=\"http:\/\/schema.org\/image\" title=\"WhatsApp Image 2019-09-17 at 08.45.43 (1)\" alt=\"WhatsApp Image 2019-09-17 at 08.45.43 (1)\" style=\"width: 440px; height: 293px;\" \/> <\/a> <\/div> <\/div> <!-- close group --> <\/div> <!-- close row --> <\/div>\n<p>Der kleine Junge war wiederaufgetaucht und sein Vater wurde, rein aus pr\u00e4ventiven Gr\u00fcnden, angerufen, damit man in Ruhe den Workshop fortf\u00fchren konnte. Er kam dann auch, schnappte sich seinen Sohn, warf ihn zu Boden trat, mehrmals heftig auf ihn ein und nahm ihn schlie\u00dflich hoch, um seinen Kopf mehrmals wie einen Rammbock gegen die Wand zu donnern. Unsere Teamer*innen konnten nicht glauben, was sie sahen, und bereuten bitterlich, die Gegenwart des Jungen im Zentrum gemeldet zu haben. Auf einmal war allen sonnenklar, wie sich ein solches Psychogramm, wie das dieses gest\u00f6rten Jungen, entwickeln konnte. Zuhause in Deutschland gab es solche F\u00e4lle auch, nur w\u00fcrde sich diese Gewalt niemals auf solche Art in der \u00d6ffentlichkeit entladen. Und immer wieder taucht die Frage auf: was ist die Aufgabe von Spirit-Teamern*innen in solch einer Situation, wie kann man mit solch zutiefst missbrauchten und schwer integrierbaren Kinder arbeiten, wie k\u00f6nnen wir unsere erste und vielleicht wichtigste Regel \u201eJeder darf mitspielen\u201c in solch einem Fall in Deutschland sowie in Ausland umsetzen?!<\/p>\n<p>Trotz allem wurden wir auch von unserer zweiten Workshopgruppe mit viel kreativem Input und, vor allem am 2. Tag, Teamgeist und Enthusiasmus belohnt, und wir fuhren weiter, begleitet vom Winken vieler kleiner Jungen, die von zwei unserer Teilnehmer betreut wurden, und die uns auch nur schweren Herzens ziehen lassen wollten.<\/p>\n<p>&nbsp;<\/p>\n<h3>Die Projektreihe &#8218;Training of Trainers&#8216; iN JORDANIEN wird gef\u00f6rdert von<\/h3>\n<p><a href=\"https:\/\/www.auswaertiges-amt.de\/de\/aussenpolitik\/laender\/jordanien-node\/maas-reise-jordanien\/1890992\" target=\"_blank\" rel=\"noopener noreferrer\"><img loading=\"lazy\" decoding=\"async\" class=\"alignleft\" src=\"https:\/\/spirit-of-football.de\/wp-content\/uploads\/sites\/12\/2018\/01\/Ausw\u00e4rtiges_Amt_Logo.png\" alt=\"Logo Ausw\u00e4rtiges Amt\" width=\"350\" height=\"192\" \/><\/a><\/p>","protected":false},"excerpt":{"rendered":"<p>Unser Partner in Jordanien dieses Jahr, das DRC Refugee Council in Amman, ist mit seinen humanit\u00e4ren Projekten sehr gut aufgestellt und vernetzt, so dass sie uns auch bei unserem zweiten Besuch in diesem Jahr interessierte, motivierte Teilnehmer*innen zuf\u00fchren konnten. Die&#8230; <a class=\"read-more\" href=\"https:\/\/spirit-of-football.de\/en\/2019\/09\/12\/training-of-trainers-in-ost-amman-9-12-september-2019\/\">[Read more]<\/a><\/p>\n","protected":false},"author":208,"featured_media":12188,"comment_status":"open","ping_status":"open","sticky":false,"template":"","format":"standard","meta":{"_acf_changed":false,"_jetpack_memberships_contains_paid_content":false,"footnotes":""},"categories":[651,1772],"tags":[796,838,1039],"class_list":["post-12093","post","type-post","status-publish","format-standard","has-post-thumbnail","hentry","category-azraq-project-de","category-z_archiv","tag-auswaertiges-amt","tag-jordanien","tag-training-of-trainers"],"acf":[],"jetpack_featured_media_url":"https:\/\/spirit-of-football.de\/wp-content\/uploads\/sites\/12\/2019\/09\/jordan19-teaser2-e1587044498130.jpeg","jetpack_sharing_enabled":true,"_links":{"self":[{"href":"https:\/\/spirit-of-football.de\/en\/wp-json\/wp\/v2\/posts\/12093","targetHints":{"allow":["GET"]}}],"collection":[{"href":"https:\/\/spirit-of-football.de\/en\/wp-json\/wp\/v2\/posts"}],"about":[{"href":"https:\/\/spirit-of-football.de\/en\/wp-json\/wp\/v2\/types\/post"}],"author":[{"embeddable":true,"href":"https:\/\/spirit-of-football.de\/en\/wp-json\/wp\/v2\/users\/208"}],"replies":[{"embeddable":true,"href":"https:\/\/spirit-of-football.de\/en\/wp-json\/wp\/v2\/comments?post=12093"}],"version-history":[{"count":9,"href":"https:\/\/spirit-of-football.de\/en\/wp-json\/wp\/v2\/posts\/12093\/revisions"}],"predecessor-version":[{"id":14453,"href":"https:\/\/spirit-of-football.de\/en\/wp-json\/wp\/v2\/posts\/12093\/revisions\/14453"}],"wp:featuredmedia":[{"embeddable":true,"href":"https:\/\/spirit-of-football.de\/en\/wp-json\/wp\/v2\/media\/12188"}],"wp:attachment":[{"href":"https:\/\/spirit-of-football.de\/en\/wp-json\/wp\/v2\/media?parent=12093"}],"wp:term":[{"taxonomy":"category","embeddable":true,"href":"https:\/\/spirit-of-football.de\/en\/wp-json\/wp\/v2\/categories?post=12093"},{"taxonomy":"post_tag","embeddable":true,"href":"https:\/\/spirit-of-football.de\/en\/wp-json\/wp\/v2\/tags?post=12093"}],"curies":[{"name":"wp","href":"https:\/\/api.w.org\/{rel}","templated":true}]}}